{"id":131881,"date":"2025-08-21T10:31:24","date_gmt":"2025-08-21T13:31:24","guid":{"rendered":"https:\/\/www.actualidadadiario.com\/?p=131881"},"modified":"2025-08-21T10:31:24","modified_gmt":"2025-08-21T13:31:24","slug":"la-union-europea-rechaza-naranjas-argentinas","status":"publish","type":"post","link":"https:\/\/www.actualidadadiario.com\/index.php\/2025\/08\/21\/la-union-europea-rechaza-naranjas-argentinas\/","title":{"rendered":"La Uni\u00f3n Europea rechaza naranjas argentinas"},"content":{"rendered":"<p style=\"text-align: center;\"><em><strong>Es por la enfermedad de la mancha negra, un hongo superficial que no afecta la calidad de la fruta para consumo; problemas para el ingreso en Espa\u00f1a e inspecciones en otros pa\u00edses<\/strong><\/em><\/p>\n<p>&nbsp;<\/p>\n<p>&nbsp;<\/p>\n<p>Una fuerte preocupaci\u00f3n se gener\u00f3 en el sector citr\u00edcola del pa\u00eds despu\u00e9s de que pa\u00edses de la Uni\u00f3n Europea [UE] comenzaran a rechazar los env\u00edos de naranja a ese destino por la presunta aparici\u00f3n de una enfermedad f\u00fangica en la fruta llamada \u201cmancha negra\u201d.<\/p>\n<p>En el sector, dicen que hubo empresas que tuvieron que destruir la carga, reexportarla o traerla de vuelta sin encontrar rastros de la enfermedad. A partir de estos rechazos, cuya cantidad total por ahora se desconoce, alertan sobre una barrera paraarancelaria.<\/p>\n<p>La mancha negra, cuyo nombre cient\u00edfico es Phyllosticta citricarpa, se trata de un hongo superficial que no afecta la calidad de la fruta para consumo, pero la UE lo considera plaga cuarentenaria. Aparece en la naranja y el lim\u00f3n.<\/p>\n<p>A partir de los rechazos de ventas a Espa\u00f1a, por ejemplo, exportadores junto con el Senasa intensificaron los controles de las cargas. Las inspecciones se dan mayormente en los puertos de Espa\u00f1a, Portugal e Italia, donde aparecen las intercepciones de partidas con presunta presencia del hongo.<\/p>\n<p>\u201cEs una fungosis de muy poca cuant\u00eda, no afecta la fruta ni a la planta. El mismo problema lo tiene Sud\u00e1frica. Espa\u00f1a, concretamente, lo usa como elemento regulador de la oferta de limones de la Uni\u00f3n Europea en contraestaci\u00f3n. La mancha negra, dicen ellos, no la tienen, aunque ha habido reportes de algunas presencias en pa\u00edses de Europa\u201d, dijo Jos\u00e9 Carbonell, presidente de la Federaci\u00f3n Argentina del Citrus (Federcitrus).<\/p>\n<p>La enfermedad est\u00e1 dentro de los protocolos que deben respetar junto con la cancrosis, enfermedad que afecta a los c\u00edtricos en las \u00e1reas de climas c\u00e1lidos y h\u00famedos, causada por Xanthomonas citri pv.citri. Espa\u00f1a es el \u00fanico exportador de lim\u00f3n dentro de la UE y, por ende, es uno de los pa\u00edses con mayor control en los ingresos a su pa\u00eds.<\/p>\n<p>\u201cEs un elemento que se usa como barrera paraarancelaria. En el caso de la cancrosis, tiene condiciones de afectaci\u00f3n que exigen un enorme esfuerzo fitosanitario. La hemos reducido y contenido primero; no es detectable a la salida de la fruta en empaque. Es m\u00e1s chica que una cabeza de alfiler, no detectable, y luego se desarrolla. Complica todo el proceso exportador&#8221;, dijo Carbonell.<\/p>\n<p>La mayor\u00eda de los pa\u00edses tienen la mancha negra: en 2020 fue el a\u00f1o con m\u00e1s picos de detecci\u00f3n del hongo, incluso, con el cierre temporal del mercado europeo. \u201cEn ese momento no hubo PCR respaldatorio. Se tomaban las muestras, se hac\u00eda el an\u00e1lisis y se determinaba la fungosis. Sin embargo, m\u00e1s de la mitad de esas muestras no ten\u00edan la fungosis\u201d, dijo.<\/p>\n<p>El NOA -Tucum\u00e1n, Salta, Jujuy- es la primera regi\u00f3n en embarcar c\u00edtricos y ya tuvo detecciones en lim\u00f3n, por tanto, esto condiciona al resto de las exportaciones argentinas.<\/p>\n<p>\u201cEn Espa\u00f1a, en particular, est\u00e1n muy sensibilizados por este problema, pero proveniente de Sud\u00e1frica. Si detectan algo directamente no te lo dejan entrar: destruyen la carga. Las cantidades que env\u00eda Sud\u00e1frica son sustancialmente mayores a las que enviamos nosotros. Adem\u00e1s, la UE tiene una disputa en este momento en la Organizaci\u00f3n Mundial de Comercio [OMC] con Sud\u00e1frica por este tema&#8221;, dijo Roberto Varela, gerente del NEA en la C\u00e1mara de Exportadores de Citrus del Nordeste Argentino (Cecnea).<\/p>\n<p>En Inglaterra, B\u00e9lgica, Pa\u00edses Bajos, en principio, no tienen problema para ingresar porque no afecta la fruta desde el punto de vista comestible y tampoco afecta a los humanos. \u201cIgualmente, en la Uni\u00f3n Europea hay regulaciones que todos tienen que cumplir\u201d, aclar\u00f3.<\/p>\n<p>En general, las dispersiones de este tipo de enfermedades se producen por partes vegetales, es decir, el \u00e1rbol, ramas, hojas, pero eso no va con la fruta, seg\u00fan aclararon. \u201cSi se nos escapa algo es imposible detectarlo antes, y las partes vegetales no se env\u00edan. Espa\u00f1a sostiene que, de todas maneras, el riesgo es alto en sus condiciones y que podr\u00eda contagiarlo igual\u201d, dijo.<\/p>\n<p>La UE no distingue entre una naranja, mandarina o un lim\u00f3n, sino que habla de c\u00edtricos en general, seg\u00fan indicaron. \u201cSi las primeras cargas llegan a destino, como sucede con el lim\u00f3n, y captan algo, se ponen especialmente sensibles con el mercado de la Argentina. No quiere decir que no tengamos el problema, pero si encuentran algo autom\u00e1ticamente se arma un problema de proporciones\u201d, sostuvo.<\/p>\n<p>Los productores aplican tratamientos a campo, que seg\u00fan aclararon en ninguna de estas enfermedades son 100% efectivos, sobre todo porque se desarrolla tambi\u00e9n con el paso del tiempo. \u201cPuede pasar que lo mandaste sin ning\u00fan tipo de marca de nada y cuando llega all\u00e1 el efecto que produce sobre la piel \u2014que son unas pintas rojo-anaranjadas o m\u00e1s oscuras y tal\u2014 no las viste, pero que se desarrollaron durante el viaje. Lleg\u00e1s all\u00e1 con algo que no viste ac\u00e1 y pod\u00edas haber evitado&#8221;, analiz\u00f3.<\/p>\n<p>Las aplicaciones a campo tampoco tienen completa cobertura, por tanto, puede suceder que algunas no sean alcanzadas cuando se hace la desinfecci\u00f3n.<\/p>\n<p>\u201cLos efectos de esta enfermedad son variables dependiendo del estadio de crecimiento del fruto, la variedad y del tipo. Es decir, que no necesariamente la misma mancha va a aparecer en un lim\u00f3n que en una mandarina, y no es la misma mancha que aparece al principio de la temporada, a mediados o al final respecto del fruto\u201d, aclar\u00f3. Las manifestaciones son diferentes y la m\u00e1s estridente es la que le da el nombre: mancha negra. Esto es como si fuera un punto de tinta negra sobre la superficie y hundida.<\/p>\n<p>Se cree que en Argentina se potenci\u00f3 a partir de que en las quintas se empezaron a colocar cortinas de \u00e1rboles para disminuir el movimiento del viento dentro de los cuadros donde est\u00e1n las plantas de c\u00edtricos. \u201cLa humedad es central en la aparici\u00f3n de enfermedades f\u00fangicas. Al estar protegido del viento, aumentan los niveles de humedad y eso puede influir positivamente en la aparici\u00f3n\u201c, sostuvo.<\/p>\n<p>\u201cEllos solo dicen: te lo encontramos, pero no tienen la obligaci\u00f3n de mostrarte. Nosotros no estamos negando que tengamos el problema, ellos lo saben, tenemos los protocolos de inspecci\u00f3n y algo se puede escapar. Y si eso ocurre, la posibilidad de que te lo encuentren es muy baja. Aun as\u00ed, no tienen la obligaci\u00f3n de mostr\u00e1rtelo. Tampoco est\u00e1n en la obligaci\u00f3n de recibirlo y se creen en libertad de devolverlo; ah\u00ed ya est\u00e1n generando un problema\u201c, cerr\u00f3 el directivo.<\/p>\n","protected":false},"excerpt":{"rendered":"<p>Es por la enfermedad de la mancha negra, un hongo superficial que no afecta la calidad de la fruta para consumo; problemas para el ingreso en Espa\u00f1a e inspecciones en otros pa\u00edses &nbsp; &nbsp; Una fuerte preocupaci\u00f3n se gener\u00f3 en el sector citr\u00edcola del pa\u00eds despu\u00e9s de que pa\u00edses de la Uni\u00f3n Europea [UE] comenzaran a rechazar los env\u00edos de naranja a ese destino por la presunta aparici\u00f3n de una enfermedad f\u00fangica en la fruta llamada \u201cmancha negra\u201d. En el sector, dicen que hubo empresas que tuvieron que destruir la&#8230;<\/p>\n","protected":false},"author":3,"featured_media":131882,"comment_status":"closed","ping_status":"closed","sticky":false,"template":"","format":"standard","meta":[],"categories":[2],"tags":[],"_links":{"self":[{"href":"https:\/\/www.actualidadadiario.com\/index.php\/wp-json\/wp\/v2\/posts\/131881"}],"collection":[{"href":"https:\/\/www.actualidadadiario.com\/index.php\/wp-json\/wp\/v2\/posts"}],"about":[{"href":"https:\/\/www.actualidadadiario.com\/index.php\/wp-json\/wp\/v2\/types\/post"}],"author":[{"embeddable":true,"href":"https:\/\/www.actualidadadiario.com\/index.php\/wp-json\/wp\/v2\/users\/3"}],"replies":[{"embeddable":true,"href":"https:\/\/www.actualidadadiario.com\/index.php\/wp-json\/wp\/v2\/comments?post=131881"}],"version-history":[{"count":1,"href":"https:\/\/www.actualidadadiario.com\/index.php\/wp-json\/wp\/v2\/posts\/131881\/revisions"}],"predecessor-version":[{"id":131883,"href":"https:\/\/www.actualidadadiario.com\/index.php\/wp-json\/wp\/v2\/posts\/131881\/revisions\/131883"}],"wp:featuredmedia":[{"embeddable":true,"href":"https:\/\/www.actualidadadiario.com\/index.php\/wp-json\/wp\/v2\/media\/131882"}],"wp:attachment":[{"href":"https:\/\/www.actualidadadiario.com\/index.php\/wp-json\/wp\/v2\/media?parent=131881"}],"wp:term":[{"taxonomy":"category","embeddable":true,"href":"https:\/\/www.actualidadadiario.com\/index.php\/wp-json\/wp\/v2\/categories?post=131881"},{"taxonomy":"post_tag","embeddable":true,"href":"https:\/\/www.actualidadadiario.com\/index.php\/wp-json\/wp\/v2\/tags?post=131881"}],"curies":[{"name":"wp","href":"https:\/\/api.w.org\/{rel}","templated":true}]}}