{"id":131867,"date":"2025-08-21T10:20:34","date_gmt":"2025-08-21T13:20:34","guid":{"rendered":"https:\/\/www.actualidadadiario.com\/?p=131867"},"modified":"2025-08-21T10:20:34","modified_gmt":"2025-08-21T13:20:34","slug":"las-cuentas-de-pobreza-y-pobres-no-cierran-e-hicieron-saltar-la-termica-en-el-indec","status":"publish","type":"post","link":"https:\/\/www.actualidadadiario.com\/index.php\/2025\/08\/21\/las-cuentas-de-pobreza-y-pobres-no-cierran-e-hicieron-saltar-la-termica-en-el-indec\/","title":{"rendered":"Las cuentas de pobreza y pobres no cierran e hicieron saltar la t\u00e9rmica en el INDEC"},"content":{"rendered":"<p style=\"text-align: center;\"><em><strong>Investigadores sociales advierten cierta ficci\u00f3n detr\u00e1s de la mejora en el \u00edndice oficial y que aument\u00f3 el estr\u00e9s econ\u00f3mico familiar: &#8220;No alcanza la plata\u201d<\/strong><\/em><\/p>\n<p>&nbsp;<\/p>\n<p>&nbsp;<\/p>\n<p>\u201cLa baja en la pobreza no refleja una mejora en el consumo, y por eso hay cierta \u00b4ficci\u00f3n\u00b4 detr\u00e1s de las mediciones del INDEC&#8221;, declar\u00f3 en Mar del Plata el director de investigaci\u00f3n del Observatorio de la Deuda Social Argentina (ODSA-UCA), Agust\u00edn Salvia.<\/p>\n<p>\u201cEs m\u00e1s real la ca\u00edda de la indigencia que la de la pobreza. No solo porque sigue siendo alta, sino porque no refleja la capacidad de consumo\u201d, agreg\u00f3.<\/p>\n<p>Y como la mayor parte de los ingresos de los hogares vienen del campo laboral, \u201cen la coyuntura actual el estr\u00e9s econ\u00f3mico de las familias aument\u00f3: no alcanza la plata\u201d, asegur\u00f3.<\/p>\n<p>El diagn\u00f3stico, m\u00e1s all\u00e1 de las estad\u00edsticas, fue contundente.<\/p>\n<p>Casi en simult\u00e1neo renunciaban en el Instituto Nacional de Estad\u00edstica y Censos (INDEC) el director de Estad\u00edsticas de Condiciones de Vida, Guillermo Manzano, y la directora del \u00cdndice de Precios de Consumo (IPC), Georgina Giglio, encargados\u00a0 respectivamente de las mediciones de Pobreza e Inflaci\u00f3n.<\/p>\n<p>Salvia es especialista en la materia y, junto a Germ\u00e1n Santamar\u00eda, coordinador t\u00e9cnico de la Red Mar del Plata, presentaron recientemente un informe sobre pobreza multidimensional en el Consejo Profesional de Ciencias Econ\u00f3micas, en el que se muestra que el 23,5% de los hogares est\u00e1 en situaci\u00f3n de pobreza multidimensional y poco m\u00e1s del 35% tiene dos o m\u00e1s carencias simult\u00e1neas.<\/p>\n<p>El \u00edndice de pobreza multidimensional tiene una parte que cuenta carencias de seis dimensiones b\u00e1sicas de acceso a derechos sociales: alimentaci\u00f3n\/salud, educaci\u00f3n, trabajo, h\u00e1bitat, servicios p\u00fablicos y ambiente.<\/p>\n<p>Si baj\u00f3 el porcentaje de personas afectadas fue porque aument\u00f3 la poblaci\u00f3n, en virtud de que siguen habiendo muchas familias sin agua corriente ni cloacas y j\u00f3venes que no terminan el secundario.<\/p>\n<p>La novedad es que estos problemas no solo ocurren en las periferias, sino tambi\u00e9n en cascos urbanos centrales.<\/p>\n<p>&nbsp;<\/p>\n<p><strong>Pobreza multidimensional<\/strong><\/p>\n<p>Los tres indicadores de pobreza multidimensional que m\u00e1s se incrementaron en la pospandemia fueron: los problemas de acceso a la salud y la inseguridad alimentaria, el trabajo precario y, en menor medida, la educaci\u00f3n.<\/p>\n<p>Afectaron sobre todo a los j\u00f3venes adolescentes. En cuarto y quinto a\u00f1o, muchos adolescentes abandonan y no se reinsertan educativamente, advierten los autores del trabajo.<\/p>\n<p>Las cuestiones planteadas por Salvia y Santamar\u00eda guardan relaci\u00f3n con los cortocircuitos que trascendieron en el INDEC, que conduce Marcos Lavagna, en el contexto de las renuncias y de las demoras en la aplicaci\u00f3n de las nuevas mediciones de pobreza, inflaci\u00f3n y salarios, habilitadas desde el a\u00f1o pasado.<\/p>\n<p>Al apoyarse en la nueva la Encuesta Nacional de Gastos de los Hogares del 2017-2018 (las mediciones actuales son de 2004), las metodolog\u00edas, de aplicarse, podr\u00edan mostrar cambios en los resultados finales.<\/p>\n<p>Aclararon al respecto Salvia y Santamar\u00eda que la pobreza por ingresos no mide bien la efectiva capacidad de consumo.<\/p>\n<p>\u201cA partir del 2024, cuando asume Milei, hay un cambio importante en el sistema de precios. Las comunicaciones, el transporte, el gas, el agua y las tarifas tienen un valor muy alto. Y eso no est\u00e1 registrado en la canasta alimentaria ni en la canasta total\u201d, sostuvieron.<\/p>\n<p>Y explicaron: \u201cEsto hace que buena parte de esa recuperaci\u00f3n de los ingresos se haya trasladado a gastos fijos, no a gastos corrientes, lo que implica menos consumo en alimentos, turismo o recreaci\u00f3n. Es decir, la baja en la pobreza no refleja una mejora en el consumo\u201d.<\/p>\n<p>Al mismo tiempo, subrayaron que \u201cla ca\u00edda de la tasa de indigencia, seg\u00fan la EPH, est\u00e1 fuertemente asociada a un aumento de las Asignaci\u00f3n Universal Por Hijo y la Tarjeta Alimentar\u201d.<\/p>\n<p>A lo que a\u00f1adieron que, \u201cal mismo tiempo, sigue habiendo un mercado de trabajo informal que permite generar ingresos de subsistencia en la poblaci\u00f3n\u201d.<\/p>\n<p>Concluyeron: \u201cPor eso hay cierta ficci\u00f3n detr\u00e1s de la mejora en el \u00edndice. El INDEC tiene una deuda metodol\u00f3gica en ese sentido\u201d.<\/p>\n<p>&nbsp;<\/p>\n<p><strong>Desigualdad<\/strong><\/p>\n<p>Los investigadores, al analizar las principales problem\u00e1ticas sociales de la pospandemia, se refirieron a la brecha entre pobres y ricos, que se sigue agrandando.<\/p>\n<p>La inflaci\u00f3n es la principal responsable de que haya una transferencia de ingresos de sectores de menores recursos a otros de mayores recursos.<\/p>\n<p>Para un ingreso alto, la compra del supermercado representa un porcentaje menor.<\/p>\n<p>Para un ingreso bajo, es al rev\u00e9s. Si bien esa desigualdad disminuy\u00f3 en 2024 respecto a 2023, la macroeconom\u00eda impact\u00f3 en la redistribuci\u00f3n de la riqueza.<\/p>\n<p>\u201cEn Argentina, con o sin kirchnerismo, hay un aumento en la concentraci\u00f3n de ingresos en ese 3% \u00f3 4% m\u00e1s rico en t\u00e9rminos reales. Se sigue agrandando la brecha\u201d, dijo Santamar\u00eda.<\/p>\n<p>Otro dato es que las encuestas de hogares, ni la del INDEC o la de la UCA, captan lo que pasa en el 3% \u00f3 4% m\u00e1s rico de la sociedad.<\/p>\n<p>Finalmente ponen de manifiesto otro detalle estad\u00edstico no menor: que, en base a la Encuesta Permanente de Hogares (EPH) del INDEC, para los segundos semestres hay dos picos de pobreza muy marcados. Uno en 2020, por la pandemia, y en el 2023 producto de la estanflaci\u00f3n: estancamiento con inflaci\u00f3n.<\/p>\n<p>Y, si bien disminuy\u00f3 la pobreza con respecto a 2023, tenemos niveles por encima de los valores prepand\u00e9micos, que ya eran altos.<\/p>\n<p>Por otro lado, la indigencia muestra una baja marcada en el segundo semestre del 2024: pas\u00f3 de 11,9% a 3,3%.<\/p>\n<p>Para los gobiernos es m\u00e1s f\u00e1cil dar ayudas sociales que incentivar cr\u00e9ditos o incentivar la creaci\u00f3n de empresas, adujeron.<\/p>\n","protected":false},"excerpt":{"rendered":"<p>Investigadores sociales advierten cierta ficci\u00f3n detr\u00e1s de la mejora en el \u00edndice oficial y que aument\u00f3 el estr\u00e9s econ\u00f3mico familiar: &#8220;No alcanza la plata\u201d &nbsp; &nbsp; \u201cLa baja en la pobreza no refleja una mejora en el consumo, y por eso hay cierta \u00b4ficci\u00f3n\u00b4 detr\u00e1s de las mediciones del INDEC&#8221;, declar\u00f3 en Mar del Plata el director de investigaci\u00f3n del Observatorio de la Deuda Social Argentina (ODSA-UCA), Agust\u00edn Salvia. \u201cEs m\u00e1s real la ca\u00edda de la indigencia que la de la pobreza. No solo porque sigue siendo alta, sino porque&#8230;<\/p>\n","protected":false},"author":3,"featured_media":131868,"comment_status":"closed","ping_status":"closed","sticky":false,"template":"","format":"standard","meta":[],"categories":[9],"tags":[],"_links":{"self":[{"href":"https:\/\/www.actualidadadiario.com\/index.php\/wp-json\/wp\/v2\/posts\/131867"}],"collection":[{"href":"https:\/\/www.actualidadadiario.com\/index.php\/wp-json\/wp\/v2\/posts"}],"about":[{"href":"https:\/\/www.actualidadadiario.com\/index.php\/wp-json\/wp\/v2\/types\/post"}],"author":[{"embeddable":true,"href":"https:\/\/www.actualidadadiario.com\/index.php\/wp-json\/wp\/v2\/users\/3"}],"replies":[{"embeddable":true,"href":"https:\/\/www.actualidadadiario.com\/index.php\/wp-json\/wp\/v2\/comments?post=131867"}],"version-history":[{"count":1,"href":"https:\/\/www.actualidadadiario.com\/index.php\/wp-json\/wp\/v2\/posts\/131867\/revisions"}],"predecessor-version":[{"id":131869,"href":"https:\/\/www.actualidadadiario.com\/index.php\/wp-json\/wp\/v2\/posts\/131867\/revisions\/131869"}],"wp:featuredmedia":[{"embeddable":true,"href":"https:\/\/www.actualidadadiario.com\/index.php\/wp-json\/wp\/v2\/media\/131868"}],"wp:attachment":[{"href":"https:\/\/www.actualidadadiario.com\/index.php\/wp-json\/wp\/v2\/media?parent=131867"}],"wp:term":[{"taxonomy":"category","embeddable":true,"href":"https:\/\/www.actualidadadiario.com\/index.php\/wp-json\/wp\/v2\/categories?post=131867"},{"taxonomy":"post_tag","embeddable":true,"href":"https:\/\/www.actualidadadiario.com\/index.php\/wp-json\/wp\/v2\/tags?post=131867"}],"curies":[{"name":"wp","href":"https:\/\/api.w.org\/{rel}","templated":true}]}}