{"id":131865,"date":"2025-08-21T09:31:53","date_gmt":"2025-08-21T12:31:53","guid":{"rendered":"https:\/\/www.actualidadadiario.com\/?p=131865"},"modified":"2025-08-21T09:31:53","modified_gmt":"2025-08-21T12:31:53","slug":"anuncian-jueves-con-buen-tiempo-pero-pronto-podrian-volver-las-lluvias","status":"publish","type":"post","link":"https:\/\/www.actualidadadiario.com\/index.php\/2025\/08\/21\/anuncian-jueves-con-buen-tiempo-pero-pronto-podrian-volver-las-lluvias\/","title":{"rendered":"Anuncian jueves con buen tiempo, pero pronto podr\u00edan volver las lluvias"},"content":{"rendered":"<p style=\"text-align: center;\"><em><strong>Este jueves se espera cielo soleado con algunas nubes. En tanto, este viernes llegar\u00eda un cambio de tiempo, con inestabilidades y luego otra vez fr\u00edo<\/strong><\/em><\/p>\n<p>&nbsp;<\/p>\n<p>&nbsp;<\/p>\n<p>El Servicio Meteorol\u00f3gico Nacional \u2013SMN\u2013 informa que este jueves 21 de agosto se presenta con buenas condiciones del tiempo en Entre R\u00edos. Sin embargo, este viernes podr\u00edan volver las inestabilidades.<\/p>\n<p>Para hoy, las temperaturas m\u00e1ximas alcanzar\u00e1n los 20 grados en la provincia. El cielo estar\u00e1 parcialmente nublado. En tanto, desde ma\u00f1ana se aguarda un aumento de la nubosidad, con probabilidad de chaparrones y lluvias aisladas.<\/p>\n<p>A partir del s\u00e1bado y el domingo llegar\u00e1 un nuevo frente fr\u00edo que provocar\u00e1 un importante descenso de las temperaturas. El fr\u00edo se sentir\u00e1 sobre todo el domingo, con m\u00ednimas de hasta 4 grados.<\/p>\n<p>&nbsp;<\/p>\n<p><strong>Pron\u00f3stico para hoy<\/strong><\/p>\n<p>En Paran\u00e1, La Paz, Villaguay, Diamante y Nogoy\u00e1 la m\u00ednima ser\u00e1 de 9 grados y la m\u00e1xima alcanzar\u00e1 los 20 grados. En la capital y alrededores se espera una jornada con cielo parcialmente nublado.<\/p>\n<p>En Concordia, Federal, Feliciano, Federaci\u00f3n y San Salvador, en tanto, se aguarda una m\u00ednima de 8 grados y una m\u00e1xima de 20 grados. All\u00ed tambi\u00e9n se prev\u00e9 un d\u00eda soleado con algunas nubes.<\/p>\n<p>En Gualeguaych\u00fa, Col\u00f3n, Uruguay, Tala e Islas, se espera una m\u00ednima de 8 grados y una m\u00e1xima de 19 grados. Al igual que en las otras localidades, se espera un d\u00eda parcialmente despejado.<\/p>\n<p>Finalmente, en Victoria y Gualeguay anuncian 7 grados de m\u00ednima y 20 grados de m\u00e1xima, con cielo ligeramente y parcialmente nublado.<\/p>\n","protected":false},"excerpt":{"rendered":"<p>Este jueves se espera cielo soleado con algunas nubes. En tanto, este viernes llegar\u00eda un cambio de tiempo, con inestabilidades y luego otra vez fr\u00edo &nbsp; &nbsp; El Servicio Meteorol\u00f3gico Nacional \u2013SMN\u2013 informa que este jueves 21 de agosto se presenta con buenas condiciones del tiempo en Entre R\u00edos. Sin embargo, este viernes podr\u00edan volver las inestabilidades. Para hoy, las temperaturas m\u00e1ximas alcanzar\u00e1n los 20 grados en la provincia. El cielo estar\u00e1 parcialmente nublado. En tanto, desde ma\u00f1ana se aguarda un aumento de la nubosidad, con probabilidad de chaparrones y&#8230;<\/p>\n","protected":false},"author":3,"featured_media":89008,"comment_status":"closed","ping_status":"closed","sticky":false,"template":"","format":"standard","meta":[],"categories":[15],"tags":[],"_links":{"self":[{"href":"https:\/\/www.actualidadadiario.com\/index.php\/wp-json\/wp\/v2\/posts\/131865"}],"collection":[{"href":"https:\/\/www.actualidadadiario.com\/index.php\/wp-json\/wp\/v2\/posts"}],"about":[{"href":"https:\/\/www.actualidadadiario.com\/index.php\/wp-json\/wp\/v2\/types\/post"}],"author":[{"embeddable":true,"href":"https:\/\/www.actualidadadiario.com\/index.php\/wp-json\/wp\/v2\/users\/3"}],"replies":[{"embeddable":true,"href":"https:\/\/www.actualidadadiario.com\/index.php\/wp-json\/wp\/v2\/comments?post=131865"}],"version-history":[{"count":1,"href":"https:\/\/www.actualidadadiario.com\/index.php\/wp-json\/wp\/v2\/posts\/131865\/revisions"}],"predecessor-version":[{"id":131866,"href":"https:\/\/www.actualidadadiario.com\/index.php\/wp-json\/wp\/v2\/posts\/131865\/revisions\/131866"}],"wp:featuredmedia":[{"embeddable":true,"href":"https:\/\/www.actualidadadiario.com\/index.php\/wp-json\/wp\/v2\/media\/89008"}],"wp:attachment":[{"href":"https:\/\/www.actualidadadiario.com\/index.php\/wp-json\/wp\/v2\/media?parent=131865"}],"wp:term":[{"taxonomy":"category","embeddable":true,"href":"https:\/\/www.actualidadadiario.com\/index.php\/wp-json\/wp\/v2\/categories?post=131865"},{"taxonomy":"post_tag","embeddable":true,"href":"https:\/\/www.actualidadadiario.com\/index.php\/wp-json\/wp\/v2\/tags?post=131865"}],"curies":[{"name":"wp","href":"https:\/\/api.w.org\/{rel}","templated":true}]}}