{"id":131862,"date":"2025-08-21T09:26:27","date_gmt":"2025-08-21T12:26:27","guid":{"rendered":"https:\/\/www.actualidadadiario.com\/?p=131862"},"modified":"2025-08-21T09:26:27","modified_gmt":"2025-08-21T12:26:27","slug":"el-voto-de-cada-diputado-entrerriano-ante-los-vetos-en-discapacidad-y-aumento-en-jubilaciones","status":"publish","type":"post","link":"https:\/\/www.actualidadadiario.com\/index.php\/2025\/08\/21\/el-voto-de-cada-diputado-entrerriano-ante-los-vetos-en-discapacidad-y-aumento-en-jubilaciones\/","title":{"rendered":"El voto de cada diputado entrerriano ante los vetos en discapacidad y aumento en jubilaciones"},"content":{"rendered":"<p style=\"text-align: center;\"><em><strong>Los legisladores por la provincia de Entre R\u00edos tuvieron posturas dispares a la hora del levantar la mano en la sesi\u00f3n de este mi\u00e9rcoles<\/strong><\/em><\/p>\n<p>&nbsp;<\/p>\n<p>&nbsp;<\/p>\n<p>Este mi\u00e9rcoles la C\u00e1mara de Diputados llev\u00f3 a votaci\u00f3n dos de los cuatros vetos presidenciales. Primero fue la Emergencia en Discapacidad que con 172 votos rechaz\u00f3 la medida anunciada por Milei. Luego fue el turno de un aumento en las jubilaciones que, a pesar de haber logrado mayor\u00eda, qued\u00f3 a seis votos de llegar al m\u00ednimo necesario para insistir con la ley.<\/p>\n<p>El proyecto de ley declara la emergencia en discapacidad en todo el territorio nacional hasta el 31 de diciembre de 2027. Su objetivo principal, seg\u00fan el texto, es efectivizar el cumplimiento de las obligaciones del Estado asumidas en la Convenci\u00f3n sobre los Derechos de las Personas con Discapacidad, que tiene jerarqu\u00eda constitucional.<\/p>\n<p>En lo que respecta a jubilaciones, la norma finalmente vetada inclu\u00eda un incremento del 8,1% retroactivo, fijaba la m\u00ednima por encima de la canasta b\u00e1sica y actualizaba las remuneraciones seg\u00fan la inflaci\u00f3n.<\/p>\n<p>&nbsp;<\/p>\n<p><strong>Votos entrerrianos<\/strong><\/p>\n<p>La decisi\u00f3n de acompa\u00f1ar o no los vetos por parte de los legisladores entrerrianos en algunos casos se vieron modificados. La diputada Marcela Antola (Democracia para Siempre) en la Emergencia voto a favor de insistir en la Ley de discapacidad, pero en el aumento de las jubilaciones se abstuvo.<\/p>\n<p>El otro que present\u00f3 cambio entre ambos expedientes fue Atilio Benedetti (UCR), ya que en el primero estuvo ausente, mientras que en el segundo vot\u00f3 en contra de promulgar un incremento para los jubilados.<\/p>\n<p>Los legisladores que si mantuvieron su voto en ambas votaciones fueron los pertenecientes a Uni\u00f3n por la Patria: Gustavo Bordet, Blanca Osuna, Carolina Gaillard y Tomas Ledesma. Los cuatro votaron afirmativo en que tanto la Emergencia en Discapacidad como el aumento en jubilaciones se convirtieran en Ley.<\/p>\n<p>Quienes tampoco modificaron sus votos fueron Nancy Ballejos (PRO), Beltr\u00e1n Benedit (LLA) y Francisco Morchio (Encuentro Federal). Los tres legisladores acompa\u00f1aron el veto de Milei en ambos expedientes.<\/p>\n","protected":false},"excerpt":{"rendered":"<p>Los legisladores por la provincia de Entre R\u00edos tuvieron posturas dispares a la hora del levantar la mano en la sesi\u00f3n de este mi\u00e9rcoles &nbsp; &nbsp; Este mi\u00e9rcoles la C\u00e1mara de Diputados llev\u00f3 a votaci\u00f3n dos de los cuatros vetos presidenciales. Primero fue la Emergencia en Discapacidad que con 172 votos rechaz\u00f3 la medida anunciada por Milei. Luego fue el turno de un aumento en las jubilaciones que, a pesar de haber logrado mayor\u00eda, qued\u00f3 a seis votos de llegar al m\u00ednimo necesario para insistir con la ley. El proyecto&#8230;<\/p>\n","protected":false},"author":3,"featured_media":131863,"comment_status":"closed","ping_status":"closed","sticky":false,"template":"","format":"standard","meta":[],"categories":[15],"tags":[],"_links":{"self":[{"href":"https:\/\/www.actualidadadiario.com\/index.php\/wp-json\/wp\/v2\/posts\/131862"}],"collection":[{"href":"https:\/\/www.actualidadadiario.com\/index.php\/wp-json\/wp\/v2\/posts"}],"about":[{"href":"https:\/\/www.actualidadadiario.com\/index.php\/wp-json\/wp\/v2\/types\/post"}],"author":[{"embeddable":true,"href":"https:\/\/www.actualidadadiario.com\/index.php\/wp-json\/wp\/v2\/users\/3"}],"replies":[{"embeddable":true,"href":"https:\/\/www.actualidadadiario.com\/index.php\/wp-json\/wp\/v2\/comments?post=131862"}],"version-history":[{"count":1,"href":"https:\/\/www.actualidadadiario.com\/index.php\/wp-json\/wp\/v2\/posts\/131862\/revisions"}],"predecessor-version":[{"id":131864,"href":"https:\/\/www.actualidadadiario.com\/index.php\/wp-json\/wp\/v2\/posts\/131862\/revisions\/131864"}],"wp:featuredmedia":[{"embeddable":true,"href":"https:\/\/www.actualidadadiario.com\/index.php\/wp-json\/wp\/v2\/media\/131863"}],"wp:attachment":[{"href":"https:\/\/www.actualidadadiario.com\/index.php\/wp-json\/wp\/v2\/media?parent=131862"}],"wp:term":[{"taxonomy":"category","embeddable":true,"href":"https:\/\/www.actualidadadiario.com\/index.php\/wp-json\/wp\/v2\/categories?post=131862"},{"taxonomy":"post_tag","embeddable":true,"href":"https:\/\/www.actualidadadiario.com\/index.php\/wp-json\/wp\/v2\/tags?post=131862"}],"curies":[{"name":"wp","href":"https:\/\/api.w.org\/{rel}","templated":true}]}}