{"id":131859,"date":"2025-08-21T09:24:20","date_gmt":"2025-08-21T12:24:20","guid":{"rendered":"https:\/\/www.actualidadadiario.com\/?p=131859"},"modified":"2025-08-21T09:24:20","modified_gmt":"2025-08-21T12:24:20","slug":"nueva-area-en-la-gobernacion-estara-a-cargo-de-la-maestra-que-se-hizo-famosa-por-escribirle-una-carta-a-messi","status":"publish","type":"post","link":"https:\/\/www.actualidadadiario.com\/index.php\/2025\/08\/21\/nueva-area-en-la-gobernacion-estara-a-cargo-de-la-maestra-que-se-hizo-famosa-por-escribirle-una-carta-a-messi\/","title":{"rendered":"Nueva \u00e1rea en la Gobernaci\u00f3n estar\u00e1 a cargo de la maestra que se hizo famosa por escribirle una carta a Messi"},"content":{"rendered":"<p style=\"text-align: center;\"><em><strong>El gobierno de Entre R\u00edos cre\u00f3 la Coordinaci\u00f3n Provincial de Articulaci\u00f3n Estrat\u00e9gica Territorial, un nuevo organismo en el \u00e1mbito de la Secretar\u00eda General de la Gobernaci\u00f3n. Al frente de esta flamante \u00e1rea, que buscar\u00e1 fortalecer la presencia del Estado en el territorio, fue designada la profesora Mar\u00eda Yohana Fucks, quien ya se desempe\u00f1aba en la administraci\u00f3n p\u00fablica<\/strong><\/em><\/p>\n<p>&nbsp;<\/p>\n<p>&nbsp;<\/p>\n<p>Seg\u00fan el decreto publicado en el Bolet\u00edn Oficial N\u00ba 28.159, la creaci\u00f3n del nuevo organismo responde a la necesidad de \u201ccoordinar acciones en territorio vinculadas a programas de inclusi\u00f3n, juventud, deporte, salud, cultura y educaci\u00f3n, en articulaci\u00f3n con las \u00e1reas competentes del Ejecutivo\u201d.<\/p>\n<p>Entre las funciones espec\u00edficas del nuevo cargo, se encuentra la tarea de \u201csistematizar demandas, necesidades y oportunidades junto a actores del territorio, canalizando gestiones y elaborando informes que contribuyan a la toma de decisiones estrat\u00e9gicas\u201d. Adem\u00e1s, se le encomienda \u201cdise\u00f1ar, implementar y evaluar proyectos interinstitucionales con enfoque territorial, social y comunitario\u201d.<\/p>\n<p>Fucks entr\u00f3 en el ojo p\u00fablico en el a\u00f1o 2016 por una carta que public\u00f3 en su blog dirigida a Lionel Messi pidi\u00e9ndole que no renuncie a la selecci\u00f3n.<\/p>\n<p>En 2019, y tras afiliarse a la UCR, la docente fue electa concejal de Viale por Cambiemos. En ese momento ya hab\u00eda marcado distancia de la agrupaci\u00f3n Rojo y Negro de la Asociaci\u00f3n Gremial del Magisterio de Entre R\u00edos (Agmer), gremio al renunci\u00f3 en abril 2021.<\/p>\n<p>Para las elecciones legislativas de 2021 se especulaba que Fucks podr\u00eda secundar al actual gobernador en su lista para las PASO de Juntos por Entre R\u00edos.<\/p>\n<p>En el 2023 la funcionaria, mientras continuaba con su trabajo como educadora y edil, fue y contin\u00faa siendo panelista de un programa de debate pol\u00edtico en la televisi\u00f3n local. La producci\u00f3n de dicho show televisivo obtuvo una nominaci\u00f3n a los premios Mart\u00edn Fierro Federal. En diciembre de ese mismo a\u00f1o dej\u00f3 la banca del Concejo Deliberante de su ciudad y se mud\u00f3 a Paran\u00e1.<\/p>\n<p>En marzo del 2024 Fucks asumi\u00f3 como coordinadora del \u00e1rea de Pr\u00e1ctica Deportiva Educativa de la Secretar\u00eda de Deportes y en julio del 2025 fue designada como coordinadora provincial de Articulaci\u00f3n, desde la cual busca tender un puente directo entre las necesidades de la comunidad y la planificaci\u00f3n de las pol\u00edticas p\u00fablicas.<\/p>\n","protected":false},"excerpt":{"rendered":"<p>El gobierno de Entre R\u00edos cre\u00f3 la Coordinaci\u00f3n Provincial de Articulaci\u00f3n Estrat\u00e9gica Territorial, un nuevo organismo en el \u00e1mbito de la Secretar\u00eda General de la Gobernaci\u00f3n. Al frente de esta flamante \u00e1rea, que buscar\u00e1 fortalecer la presencia del Estado en el territorio, fue designada la profesora Mar\u00eda Yohana Fucks, quien ya se desempe\u00f1aba en la administraci\u00f3n p\u00fablica &nbsp; &nbsp; Seg\u00fan el decreto publicado en el Bolet\u00edn Oficial N\u00ba 28.159, la creaci\u00f3n del nuevo organismo responde a la necesidad de \u201ccoordinar acciones en territorio vinculadas a programas de inclusi\u00f3n, juventud, deporte,&#8230;<\/p>\n","protected":false},"author":3,"featured_media":131860,"comment_status":"closed","ping_status":"closed","sticky":false,"template":"","format":"standard","meta":[],"categories":[15],"tags":[],"_links":{"self":[{"href":"https:\/\/www.actualidadadiario.com\/index.php\/wp-json\/wp\/v2\/posts\/131859"}],"collection":[{"href":"https:\/\/www.actualidadadiario.com\/index.php\/wp-json\/wp\/v2\/posts"}],"about":[{"href":"https:\/\/www.actualidadadiario.com\/index.php\/wp-json\/wp\/v2\/types\/post"}],"author":[{"embeddable":true,"href":"https:\/\/www.actualidadadiario.com\/index.php\/wp-json\/wp\/v2\/users\/3"}],"replies":[{"embeddable":true,"href":"https:\/\/www.actualidadadiario.com\/index.php\/wp-json\/wp\/v2\/comments?post=131859"}],"version-history":[{"count":1,"href":"https:\/\/www.actualidadadiario.com\/index.php\/wp-json\/wp\/v2\/posts\/131859\/revisions"}],"predecessor-version":[{"id":131861,"href":"https:\/\/www.actualidadadiario.com\/index.php\/wp-json\/wp\/v2\/posts\/131859\/revisions\/131861"}],"wp:featuredmedia":[{"embeddable":true,"href":"https:\/\/www.actualidadadiario.com\/index.php\/wp-json\/wp\/v2\/media\/131860"}],"wp:attachment":[{"href":"https:\/\/www.actualidadadiario.com\/index.php\/wp-json\/wp\/v2\/media?parent=131859"}],"wp:term":[{"taxonomy":"category","embeddable":true,"href":"https:\/\/www.actualidadadiario.com\/index.php\/wp-json\/wp\/v2\/categories?post=131859"},{"taxonomy":"post_tag","embeddable":true,"href":"https:\/\/www.actualidadadiario.com\/index.php\/wp-json\/wp\/v2\/tags?post=131859"}],"curies":[{"name":"wp","href":"https:\/\/api.w.org\/{rel}","templated":true}]}}