{"id":131857,"date":"2025-08-20T11:47:51","date_gmt":"2025-08-20T14:47:51","guid":{"rendered":"https:\/\/www.actualidadadiario.com\/?p=131857"},"modified":"2025-08-20T11:47:51","modified_gmt":"2025-08-20T14:47:51","slug":"adorni-confirmo-un-aumento-en-las-pensiones-por-discapacidad","status":"publish","type":"post","link":"https:\/\/www.actualidadadiario.com\/index.php\/2025\/08\/20\/adorni-confirmo-un-aumento-en-las-pensiones-por-discapacidad\/","title":{"rendered":"Adorni confirm\u00f3 un aumento en las pensiones por discapacidad"},"content":{"rendered":"<p style=\"text-align: center;\"><em><strong>En la previa a la sesi\u00f3n de Diputados, en la que la oposici\u00f3n buscar\u00e1 revertir el veto a la emergencia en discapacidad, el vocero asegur\u00f3 un aumento en las pensiones<\/strong><\/em><\/p>\n<p>&nbsp;<\/p>\n<p>&nbsp;<\/p>\n<p>El vocero presidencial, Manuel Adorni, confirm\u00f3 este martes que el Gobierno otorgar\u00e1 un aumento en todas las prestaciones destinadas a personas con discapacidad.<\/p>\n<p>\u201cNuestra decisi\u00f3n es priorizar la atenci\u00f3n de las personas con discapacidad, fortaleciendo las prestaciones m\u00e9dicas, terap\u00e9uticas y de apoyo. Este aumento reforzar\u00eda la cobertura en todo el pa\u00eds ya que asegurar\u00eda un financiamiento m\u00e1s justo y acorde a la realidad actual\u201d, se\u00f1al\u00f3.<\/p>\n<p>Seg\u00fan explic\u00f3, la medida ser\u00eda posible gracias a los ahorros obtenidos a partir de la auditor\u00eda de pensiones por invalidez mal otorgadas y la eliminaci\u00f3n de lo que calific\u00f3 como \u201ccurros de muchos a\u00f1os\u201d.<\/p>\n<p>Adorni enmarc\u00f3 la iniciativa como parte de una agenda de mejoras para el sector, \u201ccon el foco puesto en las personas y en el uso responsable y eficiente de los recursos p\u00fablicos\u201d.<\/p>\n<p>Las declaraciones se producen en la previa a la sesi\u00f3n de Diputados en la que la oposici\u00f3n buscar\u00e1 revertir los vetos del presidente Javier Milei a la ley de emergencia en discapacidad, el aumento de las jubilaciones y la moratoria previsional.<\/p>\n","protected":false},"excerpt":{"rendered":"<p>En la previa a la sesi\u00f3n de Diputados, en la que la oposici\u00f3n buscar\u00e1 revertir el veto a la emergencia en discapacidad, el vocero asegur\u00f3 un aumento en las pensiones &nbsp; &nbsp; El vocero presidencial, Manuel Adorni, confirm\u00f3 este martes que el Gobierno otorgar\u00e1 un aumento en todas las prestaciones destinadas a personas con discapacidad. \u201cNuestra decisi\u00f3n es priorizar la atenci\u00f3n de las personas con discapacidad, fortaleciendo las prestaciones m\u00e9dicas, terap\u00e9uticas y de apoyo. Este aumento reforzar\u00eda la cobertura en todo el pa\u00eds ya que asegurar\u00eda un financiamiento m\u00e1s justo&#8230;<\/p>\n","protected":false},"author":3,"featured_media":114899,"comment_status":"closed","ping_status":"closed","sticky":false,"template":"","format":"standard","meta":[],"categories":[18],"tags":[],"_links":{"self":[{"href":"https:\/\/www.actualidadadiario.com\/index.php\/wp-json\/wp\/v2\/posts\/131857"}],"collection":[{"href":"https:\/\/www.actualidadadiario.com\/index.php\/wp-json\/wp\/v2\/posts"}],"about":[{"href":"https:\/\/www.actualidadadiario.com\/index.php\/wp-json\/wp\/v2\/types\/post"}],"author":[{"embeddable":true,"href":"https:\/\/www.actualidadadiario.com\/index.php\/wp-json\/wp\/v2\/users\/3"}],"replies":[{"embeddable":true,"href":"https:\/\/www.actualidadadiario.com\/index.php\/wp-json\/wp\/v2\/comments?post=131857"}],"version-history":[{"count":1,"href":"https:\/\/www.actualidadadiario.com\/index.php\/wp-json\/wp\/v2\/posts\/131857\/revisions"}],"predecessor-version":[{"id":131858,"href":"https:\/\/www.actualidadadiario.com\/index.php\/wp-json\/wp\/v2\/posts\/131857\/revisions\/131858"}],"wp:featuredmedia":[{"embeddable":true,"href":"https:\/\/www.actualidadadiario.com\/index.php\/wp-json\/wp\/v2\/media\/114899"}],"wp:attachment":[{"href":"https:\/\/www.actualidadadiario.com\/index.php\/wp-json\/wp\/v2\/media?parent=131857"}],"wp:term":[{"taxonomy":"category","embeddable":true,"href":"https:\/\/www.actualidadadiario.com\/index.php\/wp-json\/wp\/v2\/categories?post=131857"},{"taxonomy":"post_tag","embeddable":true,"href":"https:\/\/www.actualidadadiario.com\/index.php\/wp-json\/wp\/v2\/tags?post=131857"}],"curies":[{"name":"wp","href":"https:\/\/api.w.org\/{rel}","templated":true}]}}