{"id":131855,"date":"2025-08-20T11:46:48","date_gmt":"2025-08-20T14:46:48","guid":{"rendered":"https:\/\/www.actualidadadiario.com\/?p=131855"},"modified":"2025-08-20T11:46:48","modified_gmt":"2025-08-20T14:46:48","slug":"el-gobierno-anticipo-que-hara-si-el-congreso-rechaza-el-veto-de-discapacidad-y-jubilaciones","status":"publish","type":"post","link":"https:\/\/www.actualidadadiario.com\/index.php\/2025\/08\/20\/el-gobierno-anticipo-que-hara-si-el-congreso-rechaza-el-veto-de-discapacidad-y-jubilaciones\/","title":{"rendered":"El Gobierno anticip\u00f3 qu\u00e9 har\u00e1 si el Congreso rechaza el veto de discapacidad y jubilaciones"},"content":{"rendered":"<p style=\"text-align: center;\"><em><strong>El Poder Ejecutivo analiza varias alternativas ante la posibilidad de que los vetos al aumento a jubilados y a las prestaciones de discapacidad sean frenadas hoy. Tambi\u00e9n prepara otros vetos para los proyectos de los gobernadores<\/strong><\/em><\/p>\n<p>&nbsp;<\/p>\n<p>&nbsp;<\/p>\n<p>El Gobierno volver\u00e1 a poner su poder de negociaci\u00f3n con los bloques aliados para intentar salvar los vetos antes de las elecciones legislativas. La C\u00e1mara de Diputados sesionar\u00e1 para validar o rechazar el aumento de las jubilaciones, la moratoria previsional, la emergencia en discapacidad y la declaraci\u00f3n de zona de emergencia para Bah\u00eda Blanca. Todos estos proyectos que tuvieron sanci\u00f3n en ambas c\u00e1maras fueron vetadas por el presidente Javier Milei.<\/p>\n<p>Tambi\u00e9n figuran en el temario los dos proyectos de los gobernadores para distribuir los ATN y el impuesto a los combustibles, ambas iniciativas con rechazo de la Casa Rosada y con advertencia de nuevos vetos.<\/p>\n<p>Tanto desde el oficialismo como de la oposici\u00f3n vaticinan un nuevo rev\u00e9s en el Congreso para el Gobierno. El condicionante de alg\u00fan cambio en el voto de los legisladores podr\u00eda estar atado al cierre de las listas de cara a las elecciones nacionales de octubre. Algunos sectores salieron heridos al verse excluidos en las boletas de La Libertad Avanza. \u201cEst\u00e1 ajustado el resultado\u201d, anticipaban en Balcarce 50. Lo que dan por seguro es conseguir el qu\u00f3rum necesario para sesi\u00f3n.<\/p>\n<p>&nbsp;<\/p>\n<p><strong>Qu\u00e9 har\u00e1 el Gobierno si se rechazan los vetos<\/strong><\/p>\n<p>En el caso de que sean rechazados los vetos en la sesi\u00f3n de hoy de Diputados, el Gobierno advirti\u00f3 que piensa en judicializar el tema. El jefe de Gabinete, Guillermo Francos, hab\u00eda reconocido la opci\u00f3n de ir a la justicia si no logran el aval legislativo. \u201cS\u00ed, vamos a ir por esa instancia\u201d, reconoci\u00f3 una fuente cercana al c\u00edrculo presidencial.<\/p>\n<p>Mientras tanto, un juzgado de primera instancia hizo lugar a una demanda en reclamo de la emergencia en discapacidad. La sentencia contra el DNU a\u00fan no est\u00e1 firme y en el Gobierno estaban evaluando apelar.<\/p>\n<p>En las \u00faltimas horas, surgi\u00f3 la alternativa de una negociaci\u00f3n con el PRO para aumentar las prestaciones en discapacidad. En el caso de que el Ejecutivo acceda a este reclamo, el bloque amarillo podr\u00eda apoyar el veto a favor de los libertarios.<\/p>\n<p>En cuanto a los proyectos promovidos por los gobernadores para recaudar m\u00e1s fondos para las provincias, fueron firmados por los mandatarios provinciales de todos el pa\u00eds en la sede del CFI. Todos est\u00e1n de acuerdo que las iniciativas saldr\u00e1n pese al rechazo de la Casa Rosada que intent\u00f3 negociar otra alternativa de compensaci\u00f3n con los gobernadores. En el caso de que obtenga la sanci\u00f3n en Diputados, el Gobierno anticip\u00f3 que vetar\u00e1 cualquier proyecto que rompa con el equilibrio fiscal.<\/p>\n<p>El jefe de Gabinete Francos se\u00f1al\u00f3 esta ma\u00f1ana que el Ejecutivo \u201cno podr\u00e1 cumplir\u201d las leyes si la oposici\u00f3n logra revertir los vetos presidenciales porque \u201cno cuenta con recursos\u201d para responder a esas obligaciones. &#8220;No puede el Poder Legislativo decirle c\u00f3mo gastar. No tenemos recursos para enfrentar esto, claramente no nos pueden hacer cumplir\u201d, agreg\u00f3 el funcionario.<\/p>\n<p>A\u00fan hay un final abierto para esta mega sesi\u00f3n en Diputados que tendr\u00e1 un debate marat\u00f3nico.<\/p>\n","protected":false},"excerpt":{"rendered":"<p>El Poder Ejecutivo analiza varias alternativas ante la posibilidad de que los vetos al aumento a jubilados y a las prestaciones de discapacidad sean frenadas hoy. Tambi\u00e9n prepara otros vetos para los proyectos de los gobernadores &nbsp; &nbsp; El Gobierno volver\u00e1 a poner su poder de negociaci\u00f3n con los bloques aliados para intentar salvar los vetos antes de las elecciones legislativas. La C\u00e1mara de Diputados sesionar\u00e1 para validar o rechazar el aumento de las jubilaciones, la moratoria previsional, la emergencia en discapacidad y la declaraci\u00f3n de zona de emergencia para&#8230;<\/p>\n","protected":false},"author":3,"featured_media":129137,"comment_status":"closed","ping_status":"closed","sticky":false,"template":"","format":"standard","meta":[],"categories":[18],"tags":[],"_links":{"self":[{"href":"https:\/\/www.actualidadadiario.com\/index.php\/wp-json\/wp\/v2\/posts\/131855"}],"collection":[{"href":"https:\/\/www.actualidadadiario.com\/index.php\/wp-json\/wp\/v2\/posts"}],"about":[{"href":"https:\/\/www.actualidadadiario.com\/index.php\/wp-json\/wp\/v2\/types\/post"}],"author":[{"embeddable":true,"href":"https:\/\/www.actualidadadiario.com\/index.php\/wp-json\/wp\/v2\/users\/3"}],"replies":[{"embeddable":true,"href":"https:\/\/www.actualidadadiario.com\/index.php\/wp-json\/wp\/v2\/comments?post=131855"}],"version-history":[{"count":1,"href":"https:\/\/www.actualidadadiario.com\/index.php\/wp-json\/wp\/v2\/posts\/131855\/revisions"}],"predecessor-version":[{"id":131856,"href":"https:\/\/www.actualidadadiario.com\/index.php\/wp-json\/wp\/v2\/posts\/131855\/revisions\/131856"}],"wp:featuredmedia":[{"embeddable":true,"href":"https:\/\/www.actualidadadiario.com\/index.php\/wp-json\/wp\/v2\/media\/129137"}],"wp:attachment":[{"href":"https:\/\/www.actualidadadiario.com\/index.php\/wp-json\/wp\/v2\/media?parent=131855"}],"wp:term":[{"taxonomy":"category","embeddable":true,"href":"https:\/\/www.actualidadadiario.com\/index.php\/wp-json\/wp\/v2\/categories?post=131855"},{"taxonomy":"post_tag","embeddable":true,"href":"https:\/\/www.actualidadadiario.com\/index.php\/wp-json\/wp\/v2\/tags?post=131855"}],"curies":[{"name":"wp","href":"https:\/\/api.w.org\/{rel}","templated":true}]}}