{"id":131852,"date":"2025-08-20T11:39:26","date_gmt":"2025-08-20T14:39:26","guid":{"rendered":"https:\/\/www.actualidadadiario.com\/?p=131852"},"modified":"2025-08-20T11:39:26","modified_gmt":"2025-08-20T14:39:26","slug":"renunciaron-los-encargados-de-medir-inflacion-y-pobreza-en-medio-de-versiones-de-manipulacion-de-los-datos","status":"publish","type":"post","link":"https:\/\/www.actualidadadiario.com\/index.php\/2025\/08\/20\/renunciaron-los-encargados-de-medir-inflacion-y-pobreza-en-medio-de-versiones-de-manipulacion-de-los-datos\/","title":{"rendered":"Renunciaron los encargados de medir inflaci\u00f3n y pobreza en medio de versiones de manipulaci\u00f3n de los datos"},"content":{"rendered":"<p style=\"text-align: center;\"><em><strong>Georgina Giglio era la directora de IPC. Guillermo Manzano fue quien dise\u00f1\u00f3 la nueva metodolog\u00eda para medir la pobreza que, junto a la actualizaci\u00f3n de la inflaci\u00f3n, est\u00e1n freezadas<\/strong><\/em><\/p>\n<p>&nbsp;<\/p>\n<p>&nbsp;<\/p>\n<p>Las renuncias de Guillermo Manzano, director de Estad\u00edsticas de Condiciones de Vida del Indec, y de Georgina Giglio, directora del \u00cdndice de Precios al Consumidor, alimentaron las sospechas sobre la manipulaci\u00f3n de las estad\u00edsticas oficiales por parte del organismo que dirige Marco Lavagna.<\/p>\n<p>Manzano no era un funcionario m\u00e1s: ten\u00eda bajo su \u00f3rbita los n\u00fameros m\u00e1s sensibles de pobreza y empleo. Su salida dej\u00f3 flotando demasiadas preguntas. Lo curioso es que nadie en el organismo quiso dar explicaciones.<\/p>\n<p>Manzano hab\u00eda llegado en tiempos de Jorge Todesca -durante la presidencia de Mauricio Macri- y era uno de los t\u00e9cnicos m\u00e1s respetados del Indec. Fue quien aval\u00f3 la nueva metodolog\u00eda para medir pobreza.<\/p>\n<p>La nueva metodolog\u00eda estaba lista para arrancar, pero qued\u00f3 en el freezer. Lo motivos son los mismos que frenan la actualizaci\u00f3n del IPC que mide la inflaci\u00f3n: el temor a que los n\u00fameros arruinen el relato electoral del oficialismo.<\/p>\n<p>Como si fuese poco el ruido de la salida de Manzano, este martes tambi\u00e9n se conoci\u00f3 la salida de la funcionaria que estaba a cargo de medir la inflaci\u00f3n, el otro \u00edndice que genera dudas. El Indec inform\u00f3 que Giglio &#8220;regresa a cumplir funciones en la direcci\u00f3n Provincial de Estad\u00edstica de la Provincia de Buenos Aires por cuestiones personales&#8221; y ser\u00e1 reemplazada por Josefina Rim.<\/p>\n<p>Las renuncias de Manzano y Giglio son los primeros indicios de que durante la gesti\u00f3n de Milei el Indec podr\u00eda estar manipulando datos para que la inflaci\u00f3n d\u00e9 por debajo de la realidad, como denunci\u00f3 la CGT. De hecho, la mayor\u00eda de las encuestas revelan que la poblaci\u00f3n cree que los n\u00fameros del Indec no reflejan la realidad de la inflaci\u00f3n.<\/p>\n<p>Las salidas de Manzano y Giglio genera dudas sobre qu\u00e9 pasa puertas adentro del Indec y, sobre todo, respecto del margen de maniobra que tiene Lavagna para sostener un m\u00ednimo de credibilidad sobre su gesti\u00f3n.<\/p>\n<p>Mientras la pol\u00edtica discute la ponderaci\u00f3n de los precios que determinan la inflaci\u00f3n promedio, el organismo -que deber\u00eda ponerle n\u00fameros claros a esa discusi\u00f3n- se permite perder a uno de sus t\u00e9cnicos clave. Y lo hace sin dar ning\u00fan tipo de explicaci\u00f3n.<\/p>\n","protected":false},"excerpt":{"rendered":"<p>Georgina Giglio era la directora de IPC. Guillermo Manzano fue quien dise\u00f1\u00f3 la nueva metodolog\u00eda para medir la pobreza que, junto a la actualizaci\u00f3n de la inflaci\u00f3n, est\u00e1n freezadas &nbsp; &nbsp; Las renuncias de Guillermo Manzano, director de Estad\u00edsticas de Condiciones de Vida del Indec, y de Georgina Giglio, directora del \u00cdndice de Precios al Consumidor, alimentaron las sospechas sobre la manipulaci\u00f3n de las estad\u00edsticas oficiales por parte del organismo que dirige Marco Lavagna. Manzano no era un funcionario m\u00e1s: ten\u00eda bajo su \u00f3rbita los n\u00fameros m\u00e1s sensibles de pobreza&#8230;<\/p>\n","protected":false},"author":3,"featured_media":131853,"comment_status":"closed","ping_status":"closed","sticky":false,"template":"","format":"standard","meta":[],"categories":[18],"tags":[],"_links":{"self":[{"href":"https:\/\/www.actualidadadiario.com\/index.php\/wp-json\/wp\/v2\/posts\/131852"}],"collection":[{"href":"https:\/\/www.actualidadadiario.com\/index.php\/wp-json\/wp\/v2\/posts"}],"about":[{"href":"https:\/\/www.actualidadadiario.com\/index.php\/wp-json\/wp\/v2\/types\/post"}],"author":[{"embeddable":true,"href":"https:\/\/www.actualidadadiario.com\/index.php\/wp-json\/wp\/v2\/users\/3"}],"replies":[{"embeddable":true,"href":"https:\/\/www.actualidadadiario.com\/index.php\/wp-json\/wp\/v2\/comments?post=131852"}],"version-history":[{"count":1,"href":"https:\/\/www.actualidadadiario.com\/index.php\/wp-json\/wp\/v2\/posts\/131852\/revisions"}],"predecessor-version":[{"id":131854,"href":"https:\/\/www.actualidadadiario.com\/index.php\/wp-json\/wp\/v2\/posts\/131852\/revisions\/131854"}],"wp:featuredmedia":[{"embeddable":true,"href":"https:\/\/www.actualidadadiario.com\/index.php\/wp-json\/wp\/v2\/media\/131853"}],"wp:attachment":[{"href":"https:\/\/www.actualidadadiario.com\/index.php\/wp-json\/wp\/v2\/media?parent=131852"}],"wp:term":[{"taxonomy":"category","embeddable":true,"href":"https:\/\/www.actualidadadiario.com\/index.php\/wp-json\/wp\/v2\/categories?post=131852"},{"taxonomy":"post_tag","embeddable":true,"href":"https:\/\/www.actualidadadiario.com\/index.php\/wp-json\/wp\/v2\/tags?post=131852"}],"curies":[{"name":"wp","href":"https:\/\/api.w.org\/{rel}","templated":true}]}}