{"id":131850,"date":"2025-08-20T10:58:59","date_gmt":"2025-08-20T13:58:59","guid":{"rendered":"https:\/\/www.actualidadadiario.com\/?p=131850"},"modified":"2025-08-20T10:58:59","modified_gmt":"2025-08-20T13:58:59","slug":"uno-por-uno-cuales-son-los-proyectos-que-se-debaten-hoy-en-diputados","status":"publish","type":"post","link":"https:\/\/www.actualidadadiario.com\/index.php\/2025\/08\/20\/uno-por-uno-cuales-son-los-proyectos-que-se-debaten-hoy-en-diputados\/","title":{"rendered":"Uno por uno, cu\u00e1les son los proyectos que se debaten hoy en Diputados"},"content":{"rendered":"<p style=\"text-align: center;\"><em><strong>El Gobierno pone a prueba su influencia en el Congreso en una sesi\u00f3n clave. Cu\u00e1les son los proyectos de gran impacto pol\u00edtico y fiscal que se debaten hoy<\/strong><\/em><\/p>\n<p>&nbsp;<\/p>\n<p>&nbsp;<\/p>\n<p>&nbsp;<\/p>\n<p>La C\u00e1mara de Diputados debate este mi\u00e9rcoles un temario que incomoda al gobierno de Javier Milei. La oposici\u00f3n logr\u00f3 forzar la inclusi\u00f3n de proyectos de fuerte impacto fiscal y social y pone a prueba la capacidad del oficialismo para sostener los vetos presidenciales. La tensi\u00f3n con los gobernadores por el reparto de fondos, sumada a la campa\u00f1a electoral en marcha, hace que cada voto cuente y que la incertidumbre domine el escenario.<\/p>\n<p>El oficialismo necesita repetir la estrategia del a\u00f1o pasado, cuando consigui\u00f3 blindar dos vetos gracias al apoyo del PRO, parte de la UCR y algunos mandatarios provinciales. Sin embargo, la relaci\u00f3n con varios gobernadores se deterior\u00f3 en los \u00faltimos meses, lo que abre la posibilidad de que algunos vetos sean rechazados.<\/p>\n<p>&nbsp;<\/p>\n<p><strong>Proyectos en debate hoy en la C\u00e1mara de Diputados<\/strong><\/p>\n<p><strong>Emergencia en discapacidad<\/strong><\/p>\n<p>El proyecto, que hab\u00eda sido aprobado por amplia mayor\u00eda, busca declarar la emergencia en el sector. Incluye la suba de pensiones no contributivas y la actualizaci\u00f3n autom\u00e1tica de los aranceles para prestadores de servicios. El presidente Milei lo vet\u00f3 por su costo fiscal, calculado entre 0,22% y 0,42% del PBI seg\u00fan la Oficina de Presupuesto del Congreso. El tema genera consenso entre la oposici\u00f3n y algunos gobernadores, lo que aumenta las chances de revertir el veto. En provincias como C\u00f3rdoba y Tucum\u00e1n ya adelantaron que respaldar\u00e1n la iniciativa.<\/p>\n<p>&nbsp;<\/p>\n<p><strong>Aumento de jubilaciones y pensiones<\/strong><\/p>\n<p>Propone un incremento del 7,2% en los haberes de jubilados y pensionados de Anses, adem\u00e1s de llevar el bono de $70.000 a $110.000, con actualizaci\u00f3n por inflaci\u00f3n. Fue vetado por Milei, que lo calific\u00f3 como insostenible para las cuentas p\u00fablicas, dado que implica un gasto de 0,7% del PBI. La discusi\u00f3n divide a la UCR y a los gobernadores, que tienen un rol clave para alcanzar los dos tercios necesarios y superar el veto presidencial.<\/p>\n<p>&nbsp;<\/p>\n<p><strong>Reparto autom\u00e1tico de Adelantos del Tesoro Nacional (ATN)<\/strong><\/p>\n<p>Los ATN son fondos que administra discrecionalmente el Ministerio de Econom\u00eda y que se destinan a asistir a provincias en situaciones de emergencia. El proyecto, con media sanci\u00f3n del Senado, plantea que esos recursos se distribuyan autom\u00e1ticamente, lo que recorta el poder del Ejecutivo. Cuenta con el apoyo de todos los gobernadores, aunque los libertarios impulsaron una versi\u00f3n intermedia que atrajo a algunos aliados provinciales. El tema es central para las provincias, que buscan previsibilidad en el flujo de recursos.<\/p>\n<p>&nbsp;<\/p>\n<p><strong>Funcionamiento de la comisi\u00f3n $Libra<\/strong><\/p>\n<p>La comisi\u00f3n nunca pudo iniciar su trabajo porque el empate entre oficialismo y oposici\u00f3n trab\u00f3 la elecci\u00f3n de autoridades. La nueva propuesta establece un mecanismo de desempate: en caso de igualdad, la presidencia recaer\u00e1 en el candidato respaldado por bloques con mayor representaci\u00f3n num\u00e9rica en la C\u00e1mara. Este cambio busca evitar que comisiones clave queden paralizadas por el reparto de poder.<\/p>\n<p>&nbsp;<\/p>\n<p><strong>Cambio de husos horarios<\/strong><\/p>\n<p>El debate sobre el huso horario en Argentina es hist\u00f3rico: ya se aplic\u00f3 en varias ocasiones durante las d\u00e9cadas de 1980 y 1990, pero luego se abandon\u00f3 por su escasa aceptaci\u00f3n social. La iniciativa propone modificar el horario oficial con el fin de ahorrar energ\u00eda, especialmente en invierno, adelantando el uso de la luz natural. El proyecto vuelve a escena en un contexto de crisis energ\u00e9tica y pedidos de eficiencia en el consumo.<\/p>\n<p>&nbsp;<\/p>\n<p><strong>Actualizaci\u00f3n de montos por evasi\u00f3n tributaria<\/strong><\/p>\n<p>La iniciativa busca actualizar los montos m\u00ednimos que configuran el delito de evasi\u00f3n tributaria, que quedaron desfasados por la inflaci\u00f3n. Sin la actualizaci\u00f3n, muchos casos quedan fuera de la tipificaci\u00f3n penal. El proyecto cuenta con consenso amplio, ya que no implica costos fiscales directos, pero fortalece la capacidad de la AFIP para perseguir delitos econ\u00f3micos.<\/p>\n<p>&nbsp;<\/p>\n<p><strong>Emergencia en Bah\u00eda Blanca<\/strong><\/p>\n<p>Tras los graves temporales que azotaron la ciudad bonaerense, el Congreso aprob\u00f3 declarar la emergencia para canalizar recursos adicionales. El Gobierno vet\u00f3 la norma, alegando impacto presupuestario y superposici\u00f3n con programas ya vigentes. La oposici\u00f3n vuelve a insistir en la importancia de la medida, que hab\u00eda quedado afuera del temario en la \u00faltima sesi\u00f3n por falta de acuerdo pol\u00edtico.<\/p>\n<p>&nbsp;<\/p>\n<p><strong>Moratoria previsional<\/strong><\/p>\n<p>Permit\u00eda que quienes no tienen los 30 a\u00f1os de aportes necesarios pudieran regularizar su situaci\u00f3n pagando los a\u00f1os faltantes y as\u00ed acceder a la jubilaci\u00f3n m\u00ednima. La ley fue vetada por Milei bajo el argumento de que el sistema previsional no puede financiar m\u00e1s incorporaciones sin respaldo de aportes genuinos. No cuenta con amplio respaldo de bloques dialoguistas, por lo que se descuenta que el veto ser\u00e1 ratificado.<\/p>\n<p>&nbsp;<\/p>\n<p><strong>Coparticipaci\u00f3n del impuesto a los combustibles l\u00edquidos<\/strong><\/p>\n<p>El proyecto busca que la recaudaci\u00f3n de este tributo se distribuya autom\u00e1ticamente entre las provincias, lo que reducir\u00eda la discrecionalidad de la Naci\u00f3n. Para el Gobierno, implica resignar recursos clave en plena pol\u00edtica de ajuste fiscal. Durante el debate en comisi\u00f3n, la Casa Rosada present\u00f3 una alternativa m\u00e1s acotada, pero hasta el momento los gobernadores no fijaron postura p\u00fablica. El tema ser\u00e1 tratado al final de la sesi\u00f3n para evitar que el qu\u00f3rum se rompa antes de tiempo.<\/p>\n","protected":false},"excerpt":{"rendered":"<p>El Gobierno pone a prueba su influencia en el Congreso en una sesi\u00f3n clave. Cu\u00e1les son los proyectos de gran impacto pol\u00edtico y fiscal que se debaten hoy &nbsp; &nbsp; &nbsp; La C\u00e1mara de Diputados debate este mi\u00e9rcoles un temario que incomoda al gobierno de Javier Milei. La oposici\u00f3n logr\u00f3 forzar la inclusi\u00f3n de proyectos de fuerte impacto fiscal y social y pone a prueba la capacidad del oficialismo para sostener los vetos presidenciales. La tensi\u00f3n con los gobernadores por el reparto de fondos, sumada a la campa\u00f1a electoral en&#8230;<\/p>\n","protected":false},"author":3,"featured_media":123198,"comment_status":"closed","ping_status":"closed","sticky":false,"template":"","format":"standard","meta":[],"categories":[9],"tags":[],"_links":{"self":[{"href":"https:\/\/www.actualidadadiario.com\/index.php\/wp-json\/wp\/v2\/posts\/131850"}],"collection":[{"href":"https:\/\/www.actualidadadiario.com\/index.php\/wp-json\/wp\/v2\/posts"}],"about":[{"href":"https:\/\/www.actualidadadiario.com\/index.php\/wp-json\/wp\/v2\/types\/post"}],"author":[{"embeddable":true,"href":"https:\/\/www.actualidadadiario.com\/index.php\/wp-json\/wp\/v2\/users\/3"}],"replies":[{"embeddable":true,"href":"https:\/\/www.actualidadadiario.com\/index.php\/wp-json\/wp\/v2\/comments?post=131850"}],"version-history":[{"count":1,"href":"https:\/\/www.actualidadadiario.com\/index.php\/wp-json\/wp\/v2\/posts\/131850\/revisions"}],"predecessor-version":[{"id":131851,"href":"https:\/\/www.actualidadadiario.com\/index.php\/wp-json\/wp\/v2\/posts\/131850\/revisions\/131851"}],"wp:featuredmedia":[{"embeddable":true,"href":"https:\/\/www.actualidadadiario.com\/index.php\/wp-json\/wp\/v2\/media\/123198"}],"wp:attachment":[{"href":"https:\/\/www.actualidadadiario.com\/index.php\/wp-json\/wp\/v2\/media?parent=131850"}],"wp:term":[{"taxonomy":"category","embeddable":true,"href":"https:\/\/www.actualidadadiario.com\/index.php\/wp-json\/wp\/v2\/categories?post=131850"},{"taxonomy":"post_tag","embeddable":true,"href":"https:\/\/www.actualidadadiario.com\/index.php\/wp-json\/wp\/v2\/tags?post=131850"}],"curies":[{"name":"wp","href":"https:\/\/api.w.org\/{rel}","templated":true}]}}