{"id":131839,"date":"2025-08-20T10:42:57","date_gmt":"2025-08-20T13:42:57","guid":{"rendered":"https:\/\/www.actualidadadiario.com\/?p=131839"},"modified":"2025-08-20T10:42:57","modified_gmt":"2025-08-20T13:42:57","slug":"el-senado-dictamino-la-declaracion-de-la-emergencia-en-pediatria-y-presiona-al-gobierno","status":"publish","type":"post","link":"https:\/\/www.actualidadadiario.com\/index.php\/2025\/08\/20\/el-senado-dictamino-la-declaracion-de-la-emergencia-en-pediatria-y-presiona-al-gobierno\/","title":{"rendered":"El Senado dictamin\u00f3 la declaraci\u00f3n de la emergencia en pediatr\u00eda y presiona al Gobierno"},"content":{"rendered":"<p style=\"text-align: center;\"><em><strong>El plenario de comisiones de Salud, de Poblaci\u00f3n y de Presupuesto y Hacienda del Senado dictamin\u00f3 este martes de manera favorable la iniciativa ya tiene la media sanci\u00f3n de la C\u00e1mara de Diputados. El proyecto qued\u00f3 habilitado para ser discutida en el recinto de la C\u00e1mara alta y todo indica que ser\u00eda la pr\u00f3xima semana<\/strong><\/em><\/p>\n<p>&nbsp;<\/p>\n<p>&nbsp;<\/p>\n<p>El plenario de comisiones de Salud, de Poblaci\u00f3n y de Presupuesto y Hacienda del Senado dictamin\u00f3 este martes de manera favorable el proyecto que declara a la emergencia en el \u00e1rea de pediatr\u00eda, la cual ya tiene la media sanci\u00f3n de la C\u00e1mara de Diputados.<\/p>\n<p>De esta manera, la iniciativa qued\u00f3 habilitada para ser discutida en el recinto de la C\u00e1mara alta y todo indica que ser\u00eda la pr\u00f3xima semana, aunque el peronismo pujaba para que fuera el jueves pr\u00f3ximo, intenci\u00f3n que no encontraba adhesiones en otros bloques.<\/p>\n<p>El dictamen, que recibi\u00f3 el apoyo del peronismo, la UCR, PRO y otros partidos provinciales, establece que las autoridades deber\u00e1n garantizar el \u201cacceso efectivo, oportuno, equitativo y de calidad a los servicios de salud pedi\u00e1trica, asegurar el funcionamiento adecuado de los hospitales p\u00fablicos de atenci\u00f3n pedi\u00e1trica y proteger los derechos a la salud y a la vida de ni\u00f1os, ni\u00f1as y adolescentes\u201d.<\/p>\n<p>Otro punto clave es que se exhorta al Ministerio de Salud a efectuar \u201cla recomposici\u00f3n inmediata de los salarios del personal de salud asistencial y no asistencial que atiende a la poblaci\u00f3n pedi\u00e1trica, incluyendo a los residentes nacionales\u201d.<\/p>\n<p>\u201cSe incluye a los residentes nacionales de salud de todas las especialidades que se desempe\u00f1an en efectores de salud pedi\u00e1tricos y no pedi\u00e1tricos. La recomposici\u00f3n no podr\u00e1 ser menor a la que recib\u00edan en t\u00e9rminos reales en noviembre del a\u00f1o 2023\u201d, consign\u00f3 el despacho de mayor\u00eda.<\/p>\n<p>Tambi\u00e9n exime al personal de salud del pago de ganancias cuando desempe\u00f1an \u201cactividades cr\u00edticas, horas extras y\/o guardias\u201d.<\/p>\n<p>Adem\u00e1s, dispone que el Poder Ejecutivo reasignar\u00e1 partidas presupuestarias correspondientes a la cartera de Salud, dentro del ejercicio fiscal vigente, adem\u00e1s de que podr\u00e1 ampliar los recursos mediante el uso de reservas destinadas a contingencias sanitarias.<\/p>\n","protected":false},"excerpt":{"rendered":"<p>El plenario de comisiones de Salud, de Poblaci\u00f3n y de Presupuesto y Hacienda del Senado dictamin\u00f3 este martes de manera favorable la iniciativa ya tiene la media sanci\u00f3n de la C\u00e1mara de Diputados. El proyecto qued\u00f3 habilitado para ser discutida en el recinto de la C\u00e1mara alta y todo indica que ser\u00eda la pr\u00f3xima semana &nbsp; &nbsp; El plenario de comisiones de Salud, de Poblaci\u00f3n y de Presupuesto y Hacienda del Senado dictamin\u00f3 este martes de manera favorable el proyecto que declara a la emergencia en el \u00e1rea de pediatr\u00eda,&#8230;<\/p>\n","protected":false},"author":3,"featured_media":131840,"comment_status":"closed","ping_status":"closed","sticky":false,"template":"","format":"standard","meta":[],"categories":[18],"tags":[],"_links":{"self":[{"href":"https:\/\/www.actualidadadiario.com\/index.php\/wp-json\/wp\/v2\/posts\/131839"}],"collection":[{"href":"https:\/\/www.actualidadadiario.com\/index.php\/wp-json\/wp\/v2\/posts"}],"about":[{"href":"https:\/\/www.actualidadadiario.com\/index.php\/wp-json\/wp\/v2\/types\/post"}],"author":[{"embeddable":true,"href":"https:\/\/www.actualidadadiario.com\/index.php\/wp-json\/wp\/v2\/users\/3"}],"replies":[{"embeddable":true,"href":"https:\/\/www.actualidadadiario.com\/index.php\/wp-json\/wp\/v2\/comments?post=131839"}],"version-history":[{"count":1,"href":"https:\/\/www.actualidadadiario.com\/index.php\/wp-json\/wp\/v2\/posts\/131839\/revisions"}],"predecessor-version":[{"id":131841,"href":"https:\/\/www.actualidadadiario.com\/index.php\/wp-json\/wp\/v2\/posts\/131839\/revisions\/131841"}],"wp:featuredmedia":[{"embeddable":true,"href":"https:\/\/www.actualidadadiario.com\/index.php\/wp-json\/wp\/v2\/media\/131840"}],"wp:attachment":[{"href":"https:\/\/www.actualidadadiario.com\/index.php\/wp-json\/wp\/v2\/media?parent=131839"}],"wp:term":[{"taxonomy":"category","embeddable":true,"href":"https:\/\/www.actualidadadiario.com\/index.php\/wp-json\/wp\/v2\/categories?post=131839"},{"taxonomy":"post_tag","embeddable":true,"href":"https:\/\/www.actualidadadiario.com\/index.php\/wp-json\/wp\/v2\/tags?post=131839"}],"curies":[{"name":"wp","href":"https:\/\/api.w.org\/{rel}","templated":true}]}}