{"id":131829,"date":"2025-08-20T10:28:20","date_gmt":"2025-08-20T13:28:20","guid":{"rendered":"https:\/\/www.actualidadadiario.com\/?p=131829"},"modified":"2025-08-20T10:28:20","modified_gmt":"2025-08-20T13:28:20","slug":"actualizan-el-regimen-de-registro-de-armas-para-fuerzas-de-seguridad-y-personal-retirado","status":"publish","type":"post","link":"https:\/\/www.actualidadadiario.com\/index.php\/2025\/08\/20\/actualizan-el-regimen-de-registro-de-armas-para-fuerzas-de-seguridad-y-personal-retirado\/","title":{"rendered":"Actualizan el r\u00e9gimen de registro de armas para fuerzas de seguridad y personal retirado"},"content":{"rendered":"<p style=\"text-align: center;\"><em><strong>La medida, publicada en el Bolet\u00edn Oficial, moderniza los procedimientos de altas y bajas de material institucional y establece nuevas obligaciones de fiscalizaci\u00f3n para miembros activos y retirados de las Fuerzas Armadas, de Seguridad, Policiales y Penitenciarias<\/strong><\/em><\/p>\n<p>&nbsp;<\/p>\n<p>&nbsp;<\/p>\n<p>El Registro Nacional de Armas (RENAR) aprob\u00f3, mediante la Resoluci\u00f3n 17\/2025, una actualizaci\u00f3n del r\u00e9gimen de registro y control de armas que alcanza a las Fuerzas Armadas, de Seguridad, Policiales, Penitenciarias y sus equivalentes provinciales y de la Ciudad de Buenos Aires. La medida, publicada este mi\u00e9rcoles en el Bolet\u00edn Oficial, busca ordenar el sistema de altas y bajas de material institucional y reforzar la fiscalizaci\u00f3n sobre la condici\u00f3n de leg\u00edtimo usuario y portador de armas de fuego.<\/p>\n<p>El cambio normativo responde a lo dispuesto previamente por el Decreto 409\/2025, que moderniz\u00f3 la reglamentaci\u00f3n de la Ley Nacional de Armas y Explosivos. Con esta resoluci\u00f3n, se aprueban instructivos espec\u00edficos para personal en actividad y retirado, y se establece que los exonerados o dados de baja por sanciones disciplinarias perder\u00e1n el estatus de leg\u00edtimo usuario.<\/p>\n<p>&nbsp;<\/p>\n<p><strong>El nuevo r\u00e9gimen para el registro de armas para fuerzas de seguridad<\/strong><\/p>\n<p>El nuevo r\u00e9gimen exige adem\u00e1s que las fuerzas actualicen de manera peri\u00f3dica los inventarios de armas institucionales y que remitan informaci\u00f3n completa sobre la situaci\u00f3n psicof\u00edsica, disciplinaria y patrimonial de sus miembros que tengan armas registradas o permisos de portaci\u00f3n. La falta de cumplimiento ser\u00e1 considerada una responsabilidad administrativa para los funcionarios a cargo.<\/p>\n<p>A partir de la publicaci\u00f3n, los agentes comprendidos tendr\u00e1n 60 d\u00edas corridos para registrarse en el portal electr\u00f3nico habilitado (mirenar.minseg.gob.ar), declarando su pertenencia institucional y datos de contacto, mientras que las fuerzas contar\u00e1n con 90 d\u00edas para informar la situaci\u00f3n de revista y estado psicof\u00edsico de su personal. Quienes tengan permisos vencidos deber\u00e1n iniciar nuevamente el tr\u00e1mite bajo los par\u00e1metros actuales.<\/p>\n<p>La cartera de Seguridad, conducida por Patricia Bullrich, resalt\u00f3 que el objetivo de esta actualizaci\u00f3n es asegurar la trazabilidad de los bienes y la responsabilidad individual e institucional en el uso y la portaci\u00f3n de armas, tanto en el \u00e1mbito nacional como en las jurisdicciones provinciales y de la Ciudad.<\/p>\n<p>&nbsp;<\/p>\n<p><strong>ANMAC: Gobierno flexibiliz\u00f3 regulaciones y autoriza el uso de armas semiautom\u00e1ticas en actividades deportivas<\/strong><\/p>\n<p>La medida del Gobierno se suma a otras que buscan desregular el uso de armas en el pa\u00eds. El \u00faltimo mes, desde Casa Rosada autorizaron &#8211; a trav\u00e9s del Registro Nacional de Armas &#8211; la implementaci\u00f3n del &#8220;CLU Digital&#8221;, un nuevo tr\u00e1mite que permitir\u00e1 a los ciudadanos gestionar, de manera totalmente virtual, la credencial de leg\u00edtimo usuario de armas de fuego de uso civil, civil condicional y materiales de uso especial. Dicho tr\u00e1mite ser\u00e1 gestionado exclusivamente a trav\u00e9s de la plataforma &#8220;MiRenar&#8221;.<\/p>\n<p>La medida fue oficializada a trav\u00e9s de la publicaci\u00f3n de la Resoluci\u00f3n 3\/2025 en el Bolet\u00edn Oficial de la fecha, con la firma del titular de la Agencia Nacional de Materiales Controlados (ANMAC), Juan Pablo Allan.<\/p>\n","protected":false},"excerpt":{"rendered":"<p>La medida, publicada en el Bolet\u00edn Oficial, moderniza los procedimientos de altas y bajas de material institucional y establece nuevas obligaciones de fiscalizaci\u00f3n para miembros activos y retirados de las Fuerzas Armadas, de Seguridad, Policiales y Penitenciarias &nbsp; &nbsp; El Registro Nacional de Armas (RENAR) aprob\u00f3, mediante la Resoluci\u00f3n 17\/2025, una actualizaci\u00f3n del r\u00e9gimen de registro y control de armas que alcanza a las Fuerzas Armadas, de Seguridad, Policiales, Penitenciarias y sus equivalentes provinciales y de la Ciudad de Buenos Aires. La medida, publicada este mi\u00e9rcoles en el Bolet\u00edn Oficial,&#8230;<\/p>\n","protected":false},"author":3,"featured_media":131830,"comment_status":"closed","ping_status":"closed","sticky":false,"template":"","format":"standard","meta":[],"categories":[2],"tags":[],"_links":{"self":[{"href":"https:\/\/www.actualidadadiario.com\/index.php\/wp-json\/wp\/v2\/posts\/131829"}],"collection":[{"href":"https:\/\/www.actualidadadiario.com\/index.php\/wp-json\/wp\/v2\/posts"}],"about":[{"href":"https:\/\/www.actualidadadiario.com\/index.php\/wp-json\/wp\/v2\/types\/post"}],"author":[{"embeddable":true,"href":"https:\/\/www.actualidadadiario.com\/index.php\/wp-json\/wp\/v2\/users\/3"}],"replies":[{"embeddable":true,"href":"https:\/\/www.actualidadadiario.com\/index.php\/wp-json\/wp\/v2\/comments?post=131829"}],"version-history":[{"count":1,"href":"https:\/\/www.actualidadadiario.com\/index.php\/wp-json\/wp\/v2\/posts\/131829\/revisions"}],"predecessor-version":[{"id":131831,"href":"https:\/\/www.actualidadadiario.com\/index.php\/wp-json\/wp\/v2\/posts\/131829\/revisions\/131831"}],"wp:featuredmedia":[{"embeddable":true,"href":"https:\/\/www.actualidadadiario.com\/index.php\/wp-json\/wp\/v2\/media\/131830"}],"wp:attachment":[{"href":"https:\/\/www.actualidadadiario.com\/index.php\/wp-json\/wp\/v2\/media?parent=131829"}],"wp:term":[{"taxonomy":"category","embeddable":true,"href":"https:\/\/www.actualidadadiario.com\/index.php\/wp-json\/wp\/v2\/categories?post=131829"},{"taxonomy":"post_tag","embeddable":true,"href":"https:\/\/www.actualidadadiario.com\/index.php\/wp-json\/wp\/v2\/tags?post=131829"}],"curies":[{"name":"wp","href":"https:\/\/api.w.org\/{rel}","templated":true}]}}