{"id":131822,"date":"2025-08-20T10:23:39","date_gmt":"2025-08-20T13:23:39","guid":{"rendered":"https:\/\/www.actualidadadiario.com\/?p=131822"},"modified":"2025-08-20T10:23:39","modified_gmt":"2025-08-20T13:23:39","slug":"inflacion-se-acelero-la-suba-de-precios-mayoristas-en-julio","status":"publish","type":"post","link":"https:\/\/www.actualidadadiario.com\/index.php\/2025\/08\/20\/inflacion-se-acelero-la-suba-de-precios-mayoristas-en-julio\/","title":{"rendered":"Inflaci\u00f3n: se aceler\u00f3 la suba de precios mayoristas en julio"},"content":{"rendered":"<p style=\"text-align: center;\"><em><strong>El nivel general del \u00cdndice de precios internos al por mayor (IPIM) registr\u00f3 un aumento de 2,8% en julio de 2025 respecto del mes anterior, como consecuencia de una suba de 2,6% en los \u201cProductos nacionales\u201d y de 5,7% en los \u201cProductos importados\u201d<\/strong><\/em><\/p>\n<p>&nbsp;<\/p>\n<p>&nbsp;<\/p>\n<p>El incremento de julio est\u00e1 por encima del IPC (1,9%) y adem\u00e1s supera al aumento registrado el mes anterior, cuando el IPIM subi\u00f3 1,6% con una suba del 1,7% en los productos nacionales y del 1,3% en los productos importados.<\/p>\n<p>En comparaci\u00f3n interanual, los precios mayoristas subieron 20,9% en julio y acumularon una suba de 12.3% en lo que va del a\u00f1o.<\/p>\n<p>Dentro de los \u201cProductos nacionales\u201d, se destac\u00f3 la suba de precios de productos pesqueros (5,7%) y productos agropecuarios (4,2%), as\u00ed como las m\u00e1quinas y aparatos el\u00e9ctricos (6,1%), sustancias y productos qu\u00edmicos (4,9%) y productos refinados del petr\u00f3leo (3,9%). Textiles subieron 2,3% y alimentos y bebidas 1,1%.<\/p>\n<p>Por otra parte, el nivel general del \u00cdndice de precios internos b\u00e1sicos al por mayor (IPIB) mostr\u00f3 un aumento de 3,0% en el mismo per\u00edodo. En este caso, se explica por la suba de 2,8% en los \u201cProductos nacionales\u201d y de 5,8% en los \u201cProductos importados\u201d.<\/p>\n<p>Asimismo, el nivel general del \u00cdndice de precios b\u00e1sicos del productor (IPP) registr\u00f3 un incremento de 3,0% en el mismo per\u00edodo, como consecuencia de la suba de 2,9% en los \u201cProductos primarios\u201d y de 3,0% en los \u201cProductos manufacturados y energ\u00eda el\u00e9ctrica\u201d.<\/p>\n","protected":false},"excerpt":{"rendered":"<p>El nivel general del \u00cdndice de precios internos al por mayor (IPIM) registr\u00f3 un aumento de 2,8% en julio de 2025 respecto del mes anterior, como consecuencia de una suba de 2,6% en los \u201cProductos nacionales\u201d y de 5,7% en los \u201cProductos importados\u201d &nbsp; &nbsp; El incremento de julio est\u00e1 por encima del IPC (1,9%) y adem\u00e1s supera al aumento registrado el mes anterior, cuando el IPIM subi\u00f3 1,6% con una suba del 1,7% en los productos nacionales y del 1,3% en los productos importados. En comparaci\u00f3n interanual, los precios&#8230;<\/p>\n","protected":false},"author":3,"featured_media":56226,"comment_status":"closed","ping_status":"closed","sticky":false,"template":"","format":"standard","meta":[],"categories":[9],"tags":[],"_links":{"self":[{"href":"https:\/\/www.actualidadadiario.com\/index.php\/wp-json\/wp\/v2\/posts\/131822"}],"collection":[{"href":"https:\/\/www.actualidadadiario.com\/index.php\/wp-json\/wp\/v2\/posts"}],"about":[{"href":"https:\/\/www.actualidadadiario.com\/index.php\/wp-json\/wp\/v2\/types\/post"}],"author":[{"embeddable":true,"href":"https:\/\/www.actualidadadiario.com\/index.php\/wp-json\/wp\/v2\/users\/3"}],"replies":[{"embeddable":true,"href":"https:\/\/www.actualidadadiario.com\/index.php\/wp-json\/wp\/v2\/comments?post=131822"}],"version-history":[{"count":1,"href":"https:\/\/www.actualidadadiario.com\/index.php\/wp-json\/wp\/v2\/posts\/131822\/revisions"}],"predecessor-version":[{"id":131823,"href":"https:\/\/www.actualidadadiario.com\/index.php\/wp-json\/wp\/v2\/posts\/131822\/revisions\/131823"}],"wp:featuredmedia":[{"embeddable":true,"href":"https:\/\/www.actualidadadiario.com\/index.php\/wp-json\/wp\/v2\/media\/56226"}],"wp:attachment":[{"href":"https:\/\/www.actualidadadiario.com\/index.php\/wp-json\/wp\/v2\/media?parent=131822"}],"wp:term":[{"taxonomy":"category","embeddable":true,"href":"https:\/\/www.actualidadadiario.com\/index.php\/wp-json\/wp\/v2\/categories?post=131822"},{"taxonomy":"post_tag","embeddable":true,"href":"https:\/\/www.actualidadadiario.com\/index.php\/wp-json\/wp\/v2\/tags?post=131822"}],"curies":[{"name":"wp","href":"https:\/\/api.w.org\/{rel}","templated":true}]}}