{"id":131820,"date":"2025-08-20T10:22:55","date_gmt":"2025-08-20T13:22:55","guid":{"rendered":"https:\/\/www.actualidadadiario.com\/?p=131820"},"modified":"2025-08-20T10:22:55","modified_gmt":"2025-08-20T13:22:55","slug":"se-perdieron-mas-de-220-000-puestos-de-trabajo-formales-en-la-era-milei","status":"publish","type":"post","link":"https:\/\/www.actualidadadiario.com\/index.php\/2025\/08\/20\/se-perdieron-mas-de-220-000-puestos-de-trabajo-formales-en-la-era-milei\/","title":{"rendered":"Se perdieron m\u00e1s de 220.000 puestos de trabajo formales en la era Milei"},"content":{"rendered":"<p style=\"text-align: center;\"><em><strong>El mercado laboral experiment\u00f3 un cambio abrupto: la ca\u00edda del empleo registrado fue parcialmente compensada por el cuentapropismo. Adem\u00e1s, desaparecieron m\u00e1s de 15.000 empresas en el mismo per\u00edodo<\/strong><\/em><\/p>\n<p>&nbsp;<\/p>\n<p>&nbsp;<\/p>\n<p>El gobierno de Javier Milei acumula un saldo negativo en el mercado laboral formal: entre noviembre de 2023, mes previo al cambio de gobierno, y mayo de 2025, se destruyeron m\u00e1s de 220.000 puestos de trabajo registrados y desaparecieron m\u00e1s de 15.000 empresas.<\/p>\n<p>As\u00ed se desprende de un informe del Centro de Econom\u00eda Pol\u00edtica Argentina (CEPA) en base a datos del Sistema Integrado Previsional Argentino (SIPA). La ca\u00edda equivale a una retracci\u00f3n del 2,27% en el universo de asalariados registrados en unidades productivas, que pas\u00f3 de 9.857.173 a 9.633.636 en apenas 18 meses.<\/p>\n<p>&nbsp;<\/p>\n<p><strong>Se perdieron 220.000 empleos formales en la era Milei<\/strong><\/p>\n<p>La contracci\u00f3n del empleo se concentr\u00f3 en ramas clave de la econom\u00eda. La Administraci\u00f3n p\u00fablica, defensa y seguridad social explic\u00f3 m\u00e1s de 98.600 bajas, seguida de la Construcci\u00f3n con 80.873. Tambi\u00e9n se registraron descensos en Transporte y almacenamiento (54.935) y en la Industria manufacturera (39.016).<\/p>\n<p>El retroceso de los trabajos formales, tanto privados como p\u00fablicos, no se tradujo en un incremento tan significativo de la tasa de desempleo ya que creci\u00f3 la cantidad de trabajo cuentapropista, con fuerte \u00e9nfasis en el monotributo. De esta manera, distintos analistas consultados por Perfil eval\u00faan que se produjo una &#8220;precarizaci\u00f3n&#8221; del trabajo.<\/p>\n<p>Desde Politikon Chaco detectaron en mayo de 2025 una mejora puntual: el empleo registrado creci\u00f3 0,1% respecto de abril, lo que signific\u00f3 la creaci\u00f3n de unos 6.000 puestos. Sin embargo, al compararlo con el inicio de la gesti\u00f3n libertaria, la cifra sigue siendo negativa: se perdieron casi 100.000 empleos en la serie desestacionalizada.<\/p>\n<p>&#8220;El incremento mensual de mayo se apoy\u00f3 en el crecimiento del empleo en sectores como los Servicios de Transporte, Almacenamiento y Comunicaciones (0,6%), Electricidad, Gas y Agua (0,4%) y Comercio (0,3%), al tiempo que otros sectores como Hoteles y Restaurantes (0,2%), Servicios Inmobiliarios, Empresariales y de Alquiler (0,2%) y Servicios Sociales de Salud (0,1%) tambi\u00e9n exhibieron subas&#8221;, indicaron.<\/p>\n<p>Al contrastar los niveles de empleo de mayo 2025 y noviembre de 2023, surge que solo tres segmentos presentan aumentos: Pesca (10%), Agricultura y Ganader\u00eda (3,3%) y Comercio (2,2%). Por el contrario, las ca\u00eddas m\u00e1s notorias se observan en Explotaci\u00f3n de Minas y Canteras (- 4,4%) y la Construcci\u00f3n (-13,6%).<\/p>\n<p>A prop\u00f3sito de la din\u00e1mica laboral, los analistas de LCG plantearon que &#8220;se sigue ajustando por precio (salarios) y no tanto por cantidades (desempleo)&#8221;. En tal sentido, destacaron que &#8220;aun cuando el desempleo no crece, gana participaci\u00f3n el empleo de baja calidad&#8221;.<\/p>\n<p>&#8220;Sin tener en cuenta monotributistas sociales, en el \u00faltimo a\u00f1o y medio la baja de asalariados privados y p\u00fablicos result\u00f3 proporcional al aumento de independientes aut\u00f3nomos y monotributistas&#8221;, graficaron. En otras palabras, el crecimiento del cuentapropismo compens\u00f3 en parte los m\u00e1s de 220.000 trabajos formales que desaparecieron.<\/p>\n<p>De cara al futuro pr\u00f3ximo, la consultora anticip\u00f3 un &#8220;crecimiento d\u00e9bil y heterog\u00e9neo entre sectores dif\u00edcilmente pueda torcer la din\u00e1mica del mercado de trabajo de los \u00faltimos meses&#8221;. A la vez, advirtieron que el alza del salario real no se sostendr\u00eda debido a la reciente suba del tipo de cambio oficial y el impacto en precios, que seguramente superar\u00e1 el tope de 1% que fij\u00f3 el Gobierno para las negociaciones paritarias.<\/p>\n<p>&nbsp;<\/p>\n<p><strong>Desaparecieron 15.000 empresas en la era Milei<\/strong><\/p>\n<p>Por otro lado, entre noviembre de 2023 y mayo de 2025, la cantidad de empleadores con trabajadores registrados experiment\u00f3 un declive, al bajar de 512.357 a 496.793, lo que se traduce en 15.564 empresas menos en el \u00faltimo a\u00f1o y medio.<\/p>\n<p>&#8220;El sector de Transporte y Almacenamiento fue el m\u00e1s afectado, con una p\u00e9rdida de 4.094 empleadores entre noviembre de 2023 y mayo de 2025. Otros rubros tambi\u00e9n registraron ca\u00eddas significativas: Servicios inmobiliarios sufri\u00f3 una ca\u00edda de 2.617, Comercio al por mayor y al por menor, reparaci\u00f3n de veh\u00edculos automotores y motocicletas perdi\u00f3 2.387 empleadores, Servicios profesionales, cient\u00edficos y t\u00e9cnicos de 1.783 y Construcci\u00f3n registr\u00f3 una reducci\u00f3n de 1.669 empleadores en el mismo per\u00edodo&#8221;, remarcaron desde CEPA.<\/p>\n<p>Al colocar la lupa sobre la reducci\u00f3n empresarial, se observa que las principales afectadas fueron las firmas de hasta 500 trabajadores (99,69%). A contramano, la cantidad de empleadores de m\u00e1s de 500 empleados explican s\u00f3lo el 0,31% (49 casos).<\/p>\n<p>Por \u00faltimo, las compa\u00f1\u00edas de mayor tama\u00f1o fueron las que m\u00e1s achicaron sus plantillas: tres de cada cuatro empleos destruidos (unos 165.625 casos) corresponden a firmas con m\u00e1s de 500 empleados. En tanto, las empresas chicas y medianas absorbieron el resto del ajuste, con 57.912 puestos menos, lo que equivale al 26% de la p\u00e9rdida total registrada entre noviembre de 2023 y mayo de 2025.<\/p>\n","protected":false},"excerpt":{"rendered":"<p>El mercado laboral experiment\u00f3 un cambio abrupto: la ca\u00edda del empleo registrado fue parcialmente compensada por el cuentapropismo. Adem\u00e1s, desaparecieron m\u00e1s de 15.000 empresas en el mismo per\u00edodo &nbsp; &nbsp; El gobierno de Javier Milei acumula un saldo negativo en el mercado laboral formal: entre noviembre de 2023, mes previo al cambio de gobierno, y mayo de 2025, se destruyeron m\u00e1s de 220.000 puestos de trabajo registrados y desaparecieron m\u00e1s de 15.000 empresas. As\u00ed se desprende de un informe del Centro de Econom\u00eda Pol\u00edtica Argentina (CEPA) en base a datos&#8230;<\/p>\n","protected":false},"author":3,"featured_media":124368,"comment_status":"closed","ping_status":"closed","sticky":false,"template":"","format":"standard","meta":[],"categories":[9],"tags":[],"_links":{"self":[{"href":"https:\/\/www.actualidadadiario.com\/index.php\/wp-json\/wp\/v2\/posts\/131820"}],"collection":[{"href":"https:\/\/www.actualidadadiario.com\/index.php\/wp-json\/wp\/v2\/posts"}],"about":[{"href":"https:\/\/www.actualidadadiario.com\/index.php\/wp-json\/wp\/v2\/types\/post"}],"author":[{"embeddable":true,"href":"https:\/\/www.actualidadadiario.com\/index.php\/wp-json\/wp\/v2\/users\/3"}],"replies":[{"embeddable":true,"href":"https:\/\/www.actualidadadiario.com\/index.php\/wp-json\/wp\/v2\/comments?post=131820"}],"version-history":[{"count":1,"href":"https:\/\/www.actualidadadiario.com\/index.php\/wp-json\/wp\/v2\/posts\/131820\/revisions"}],"predecessor-version":[{"id":131821,"href":"https:\/\/www.actualidadadiario.com\/index.php\/wp-json\/wp\/v2\/posts\/131820\/revisions\/131821"}],"wp:featuredmedia":[{"embeddable":true,"href":"https:\/\/www.actualidadadiario.com\/index.php\/wp-json\/wp\/v2\/media\/124368"}],"wp:attachment":[{"href":"https:\/\/www.actualidadadiario.com\/index.php\/wp-json\/wp\/v2\/media?parent=131820"}],"wp:term":[{"taxonomy":"category","embeddable":true,"href":"https:\/\/www.actualidadadiario.com\/index.php\/wp-json\/wp\/v2\/categories?post=131820"},{"taxonomy":"post_tag","embeddable":true,"href":"https:\/\/www.actualidadadiario.com\/index.php\/wp-json\/wp\/v2\/tags?post=131820"}],"curies":[{"name":"wp","href":"https:\/\/api.w.org\/{rel}","templated":true}]}}