{"id":131817,"date":"2025-08-20T09:45:39","date_gmt":"2025-08-20T12:45:39","guid":{"rendered":"https:\/\/www.actualidadadiario.com\/?p=131817"},"modified":"2025-08-20T09:52:21","modified_gmt":"2025-08-20T12:52:21","slug":"la-privatizacion-de-salto-grande-es-inviable-dijo-carlos-cecco-al-rechazar-las-declaraciones-del-candidato-a-senador-de-su-espacio","status":"publish","type":"post","link":"https:\/\/www.actualidadadiario.com\/index.php\/2025\/08\/20\/la-privatizacion-de-salto-grande-es-inviable-dijo-carlos-cecco-al-rechazar-las-declaraciones-del-candidato-a-senador-de-su-espacio\/","title":{"rendered":"\u201cLa privatizaci\u00f3n de Salto Grande es inviable\u201d, dijo Cecco al rechazar las declaraciones del candidato a senador de su espacio"},"content":{"rendered":"<p style=\"text-align: center;\"><em><strong>\u201cLa privatizaci\u00f3n de Salto Grande es inviable\u201d, afirm\u00f3 Carlos Cecco, presidente de la CAFESG, tras declaraciones del candidato a senador por la alianza de La Libertad Avanza y Juntos por Entre R\u00edos, Joaqu\u00edn Benegas Lynch<\/strong><\/em><\/p>\n<p>&nbsp;<\/p>\n<p>&nbsp;<\/p>\n<p>\u201cYa se intent\u00f3, fue una lucha y qued\u00f3 definido\u201d, expres\u00f3 al recordar las iniciativas que a\u00f1os atr\u00e1s tomaron auge con respecto al mismo tema.<\/p>\n<p>Cecco dijo no entender \u201cqu\u00e9 quiso decir el candidato\u201d a las elecciones legislativas nacionales, quien tambi\u00e9n refiri\u00f3 a la educaci\u00f3n y a la salud \u201cque son derechos que gozan de protecci\u00f3n institucional\u201d, aclar\u00f3 el referente de la CAFESG.<\/p>\n<p>Benegas Lynch tambi\u00e9n refiri\u00f3 a ENERSA entre las empresas estatales que deber\u00eda privatizarse. \u201cCreo que eso lo tiene que definir con el gobernador porque es un ente mixto provincial. No entiendo qu\u00e9 quiso decir, no tiene asidero\u201d, apunt\u00f3 Cecco.<\/p>\n","protected":false},"excerpt":{"rendered":"<p>\u201cLa privatizaci\u00f3n de Salto Grande es inviable\u201d, afirm\u00f3 Carlos Cecco, presidente de la CAFESG, tras declaraciones del candidato a senador por la alianza de La Libertad Avanza y Juntos por Entre R\u00edos, Joaqu\u00edn Benegas Lynch &nbsp; &nbsp; \u201cYa se intent\u00f3, fue una lucha y qued\u00f3 definido\u201d, expres\u00f3 al recordar las iniciativas que a\u00f1os atr\u00e1s tomaron auge con respecto al mismo tema. Cecco dijo no entender \u201cqu\u00e9 quiso decir el candidato\u201d a las elecciones legislativas nacionales, quien tambi\u00e9n refiri\u00f3 a la educaci\u00f3n y a la salud \u201cque son derechos que gozan&#8230;<\/p>\n","protected":false},"author":3,"featured_media":105085,"comment_status":"closed","ping_status":"closed","sticky":false,"template":"","format":"standard","meta":[],"categories":[15],"tags":[],"_links":{"self":[{"href":"https:\/\/www.actualidadadiario.com\/index.php\/wp-json\/wp\/v2\/posts\/131817"}],"collection":[{"href":"https:\/\/www.actualidadadiario.com\/index.php\/wp-json\/wp\/v2\/posts"}],"about":[{"href":"https:\/\/www.actualidadadiario.com\/index.php\/wp-json\/wp\/v2\/types\/post"}],"author":[{"embeddable":true,"href":"https:\/\/www.actualidadadiario.com\/index.php\/wp-json\/wp\/v2\/users\/3"}],"replies":[{"embeddable":true,"href":"https:\/\/www.actualidadadiario.com\/index.php\/wp-json\/wp\/v2\/comments?post=131817"}],"version-history":[{"count":2,"href":"https:\/\/www.actualidadadiario.com\/index.php\/wp-json\/wp\/v2\/posts\/131817\/revisions"}],"predecessor-version":[{"id":131819,"href":"https:\/\/www.actualidadadiario.com\/index.php\/wp-json\/wp\/v2\/posts\/131817\/revisions\/131819"}],"wp:featuredmedia":[{"embeddable":true,"href":"https:\/\/www.actualidadadiario.com\/index.php\/wp-json\/wp\/v2\/media\/105085"}],"wp:attachment":[{"href":"https:\/\/www.actualidadadiario.com\/index.php\/wp-json\/wp\/v2\/media?parent=131817"}],"wp:term":[{"taxonomy":"category","embeddable":true,"href":"https:\/\/www.actualidadadiario.com\/index.php\/wp-json\/wp\/v2\/categories?post=131817"},{"taxonomy":"post_tag","embeddable":true,"href":"https:\/\/www.actualidadadiario.com\/index.php\/wp-json\/wp\/v2\/tags?post=131817"}],"curies":[{"name":"wp","href":"https:\/\/api.w.org\/{rel}","templated":true}]}}