{"id":131814,"date":"2025-08-20T09:49:21","date_gmt":"2025-08-20T12:49:21","guid":{"rendered":"https:\/\/www.actualidadadiario.com\/?p=131814"},"modified":"2025-08-20T09:49:21","modified_gmt":"2025-08-20T12:49:21","slug":"docentes-y-nodocentes-universitarios-entrerrianos-inician-paros-rotativos","status":"publish","type":"post","link":"https:\/\/www.actualidadadiario.com\/index.php\/2025\/08\/20\/docentes-y-nodocentes-universitarios-entrerrianos-inician-paros-rotativos\/","title":{"rendered":"Docentes y nodocentes universitarios entrerrianos inician paros rotativos"},"content":{"rendered":"<p style=\"text-align: center;\"><em><strong>Docentes de AGDU y nodocentes de Apuner resolvieron realizar paros rotativos semanales de 48 horas, sin concurrencia a los lugares de trabajo. El primero ser\u00e1 este jueves y viernes. El objetivo es visibilizar el conflicto salarial y presupuestario de las universidades nacionales. Adem\u00e1s, impulsar una Tercera Marcha Federal Universitaria<\/strong><\/em><\/p>\n<p>&nbsp;<\/p>\n<p>&nbsp;<\/p>\n<p>La Asociaci\u00f3n Gremial de Docentes Universitarios (AGDU) particip\u00f3 del Plenario de Secretarios y Secretarias Generales de Conadu que resolvi\u00f3 por unanimidad sostener el plan de lucha en las universidades de todo el pa\u00eds.<\/p>\n<p>En ese marco, AGDU resolvi\u00f3 realizar paros semanales rotativos de 48 horas, sin concurrencia a los lugares de trabajo, los d\u00edas jueves 21 y viernes 22 de agosto, martes 26 y mi\u00e9rcoles 27 de agosto, y lunes 1 y martes 2 de septiembre.<\/p>\n<p>\u201cEl objetivo es visibilizar el conflicto salarial y presupuestario de las universidades nacionales. Adem\u00e1s, impulsar una Tercera Marcha Federal Universitaria para la tercera semana de septiembre, en fecha a acordar con el conjunto de la comunidad universitaria\u201d, se\u00f1ala la organizaci\u00f3n gremial y apunta que esa movilizaci\u00f3n \u201cser\u00e1 en apoyo a la Ley de Financiamiento Universitario y en rechazo al veto que el gobierno nacional ya anticip\u00f3\u201d.<\/p>\n<p>Por su parte, la Asociaci\u00f3n del Personal de la Universidad Nacional de Entre R\u00edos (Apuner) dispuso \u201cparos rotativos de 48 horas, sin asistencia a los lugares de trabajo, organizados de la siguiente manera: jueves 21 y viernes 22 de agosto; martes 26 y mi\u00e9rcoles 27 de agosto; lunes 1 y martes 2 de septiembre\u201d. Estas mismas medidas de fuerza se despliegan \u201cen el marco del plan de lucha \u2018Sin salarios dignos no hay Universidad de calidad\u2019\u201d, se inform\u00f3 a esta Agencia.<\/p>\n<p>\u201cEntendemos que es momento en el que todos los actores del sistema universitario y educativo argentino y la sociedad civil, debemos aunar esfuerzos y trabajos en conjunto para sostener a la Universidad P\u00fablica, Gratuita y de Calidad\u201d, se remarc\u00f3 desde Apuner.<\/p>\n","protected":false},"excerpt":{"rendered":"<p>Docentes de AGDU y nodocentes de Apuner resolvieron realizar paros rotativos semanales de 48 horas, sin concurrencia a los lugares de trabajo. El primero ser\u00e1 este jueves y viernes. El objetivo es visibilizar el conflicto salarial y presupuestario de las universidades nacionales. Adem\u00e1s, impulsar una Tercera Marcha Federal Universitaria &nbsp; &nbsp; La Asociaci\u00f3n Gremial de Docentes Universitarios (AGDU) particip\u00f3 del Plenario de Secretarios y Secretarias Generales de Conadu que resolvi\u00f3 por unanimidad sostener el plan de lucha en las universidades de todo el pa\u00eds. En ese marco, AGDU resolvi\u00f3 realizar&#8230;<\/p>\n","protected":false},"author":3,"featured_media":131815,"comment_status":"closed","ping_status":"closed","sticky":false,"template":"","format":"standard","meta":[],"categories":[15],"tags":[],"_links":{"self":[{"href":"https:\/\/www.actualidadadiario.com\/index.php\/wp-json\/wp\/v2\/posts\/131814"}],"collection":[{"href":"https:\/\/www.actualidadadiario.com\/index.php\/wp-json\/wp\/v2\/posts"}],"about":[{"href":"https:\/\/www.actualidadadiario.com\/index.php\/wp-json\/wp\/v2\/types\/post"}],"author":[{"embeddable":true,"href":"https:\/\/www.actualidadadiario.com\/index.php\/wp-json\/wp\/v2\/users\/3"}],"replies":[{"embeddable":true,"href":"https:\/\/www.actualidadadiario.com\/index.php\/wp-json\/wp\/v2\/comments?post=131814"}],"version-history":[{"count":1,"href":"https:\/\/www.actualidadadiario.com\/index.php\/wp-json\/wp\/v2\/posts\/131814\/revisions"}],"predecessor-version":[{"id":131816,"href":"https:\/\/www.actualidadadiario.com\/index.php\/wp-json\/wp\/v2\/posts\/131814\/revisions\/131816"}],"wp:featuredmedia":[{"embeddable":true,"href":"https:\/\/www.actualidadadiario.com\/index.php\/wp-json\/wp\/v2\/media\/131815"}],"wp:attachment":[{"href":"https:\/\/www.actualidadadiario.com\/index.php\/wp-json\/wp\/v2\/media?parent=131814"}],"wp:term":[{"taxonomy":"category","embeddable":true,"href":"https:\/\/www.actualidadadiario.com\/index.php\/wp-json\/wp\/v2\/categories?post=131814"},{"taxonomy":"post_tag","embeddable":true,"href":"https:\/\/www.actualidadadiario.com\/index.php\/wp-json\/wp\/v2\/tags?post=131814"}],"curies":[{"name":"wp","href":"https:\/\/api.w.org\/{rel}","templated":true}]}}