{"id":131809,"date":"2025-08-20T09:46:14","date_gmt":"2025-08-20T12:46:14","guid":{"rendered":"https:\/\/www.actualidadadiario.com\/?p=131809"},"modified":"2025-08-20T09:46:14","modified_gmt":"2025-08-20T12:46:14","slug":"los-suicidios-de-agentes-empujan-una-reestructuracion-en-la-policia","status":"publish","type":"post","link":"https:\/\/www.actualidadadiario.com\/index.php\/2025\/08\/20\/los-suicidios-de-agentes-empujan-una-reestructuracion-en-la-policia\/","title":{"rendered":"Los suicidios de agentes empujan una reestructuraci\u00f3n en la Polic\u00eda"},"content":{"rendered":"<p style=\"text-align: center;\"><em><strong>Se anunciaron medidas de reorganizaci\u00f3n, bienestar, cambios para la Polic\u00eda de Entre R\u00edos. Fue despu\u00e9s que varios agentes tomaran autodeterminaciones en distintos puntos de la provincia<\/strong><\/em><\/p>\n<p>&nbsp;<\/p>\n<p>&nbsp;<\/p>\n<p>El Ministerio de Seguridad y Justicia inform\u00f3 diversas medidas que buscan modernizar la estructura policial, optimizar la labor de la fuerza y mejorar la eficiencia del servicio de seguridad.<\/p>\n<p>Las medidas van desde la adopci\u00f3n de armas no letales, una unidad de &#8220;Bienestar para el personal&#8221; y la reasignaci\u00f3n de oficiales para que cubran vacaciones.<\/p>\n<p>Estas acciones se basan en &#8220;un plan integral que busca fortalecer la funci\u00f3n policial y el bienestar del personal, adecuando la instituci\u00f3n a las necesidades actuales de la sociedad&#8221;, precisaron.<\/p>\n<p>Se inici\u00f3 la reubicaci\u00f3n, en principio, de 100 funcionarios policiales que hasta el momento realizaban tareas administrativas. Estos efectivos ser\u00e1n asignados a distintas comisar\u00edas de la provincia, para reforzar la presencia en el territorio y para que el personal pueda disfrutar de sus vacaciones sin perjudicar el servicio. Adem\u00e1s de la reubicaci\u00f3n, se impulsaron varios proyectos clave para mejorar la instituci\u00f3n, destinados al bienestar, la salud y formaci\u00f3n profesional.<\/p>\n<p>En esta l\u00ednea, se cre\u00f3 la Divisi\u00f3n Bienestar Policial, que centraliza el cuidado integral del personal. A trav\u00e9s de esta divisi\u00f3n se implementar\u00e1n controles m\u00e9dicos peri\u00f3dicos, actividad f\u00edsica progresiva y evaluaciones anuales de salud. Tambi\u00e9n se establecer\u00e1 un protocolo de acompa\u00f1amiento para situaciones que requieran atenci\u00f3n especial, priorizando el cuidado del personal.<\/p>\n<p>Con el fin de reforzar la profesionalizaci\u00f3n, se estudia la posibilidad que el cuarto a\u00f1o de la carrera Licenciatura en Seguridad P\u00fablica y Ciudadana se haga en modalidad virtual, logrando que los oficiales que terminan su adiestramiento puedan tomar sus funciones de manera inmediata.<\/p>\n<p>En cuanto a la formaci\u00f3n, se actualizar\u00e1n los perfiles de selecci\u00f3n de nuevos polic\u00edas, incorporando criterios psicol\u00f3gicos y competencias acordes a las demandas actuales. Adicionalmente, se implementar\u00e1n controles de alcoholemia y consumo de estupefacientes al personal en servicio para reforzar los est\u00e1ndares de responsabilidad y profesionalismo.<\/p>\n<p>Adem\u00e1s, se encuentra en consideraci\u00f3n del Ministerio P\u00fablico Fiscal un nuevo Protocolo de Uso Racional de la Fuerza, elaborado con la participaci\u00f3n de la Direcci\u00f3n de Derechos Humanos, que incorpora la utilizaci\u00f3n de armas no letales como herramienta complementaria en las intervenciones policiales.<\/p>\n<p>Otra de las medidas adoptadas en el marco de la modernizaci\u00f3n y reorganizaci\u00f3n de la Fuerza est\u00e1 destinada a reforzar la seguridad del personal. En este sentido, la portaci\u00f3n del arma reglamentaria se restringir\u00e1 exclusivamente al turno de servicio.<\/p>\n","protected":false},"excerpt":{"rendered":"<p>Se anunciaron medidas de reorganizaci\u00f3n, bienestar, cambios para la Polic\u00eda de Entre R\u00edos. Fue despu\u00e9s que varios agentes tomaran autodeterminaciones en distintos puntos de la provincia &nbsp; &nbsp; El Ministerio de Seguridad y Justicia inform\u00f3 diversas medidas que buscan modernizar la estructura policial, optimizar la labor de la fuerza y mejorar la eficiencia del servicio de seguridad. Las medidas van desde la adopci\u00f3n de armas no letales, una unidad de &#8220;Bienestar para el personal&#8221; y la reasignaci\u00f3n de oficiales para que cubran vacaciones. Estas acciones se basan en &#8220;un plan&#8230;<\/p>\n","protected":false},"author":3,"featured_media":57754,"comment_status":"closed","ping_status":"closed","sticky":false,"template":"","format":"standard","meta":[],"categories":[15],"tags":[],"_links":{"self":[{"href":"https:\/\/www.actualidadadiario.com\/index.php\/wp-json\/wp\/v2\/posts\/131809"}],"collection":[{"href":"https:\/\/www.actualidadadiario.com\/index.php\/wp-json\/wp\/v2\/posts"}],"about":[{"href":"https:\/\/www.actualidadadiario.com\/index.php\/wp-json\/wp\/v2\/types\/post"}],"author":[{"embeddable":true,"href":"https:\/\/www.actualidadadiario.com\/index.php\/wp-json\/wp\/v2\/users\/3"}],"replies":[{"embeddable":true,"href":"https:\/\/www.actualidadadiario.com\/index.php\/wp-json\/wp\/v2\/comments?post=131809"}],"version-history":[{"count":1,"href":"https:\/\/www.actualidadadiario.com\/index.php\/wp-json\/wp\/v2\/posts\/131809\/revisions"}],"predecessor-version":[{"id":131810,"href":"https:\/\/www.actualidadadiario.com\/index.php\/wp-json\/wp\/v2\/posts\/131809\/revisions\/131810"}],"wp:featuredmedia":[{"embeddable":true,"href":"https:\/\/www.actualidadadiario.com\/index.php\/wp-json\/wp\/v2\/media\/57754"}],"wp:attachment":[{"href":"https:\/\/www.actualidadadiario.com\/index.php\/wp-json\/wp\/v2\/media?parent=131809"}],"wp:term":[{"taxonomy":"category","embeddable":true,"href":"https:\/\/www.actualidadadiario.com\/index.php\/wp-json\/wp\/v2\/categories?post=131809"},{"taxonomy":"post_tag","embeddable":true,"href":"https:\/\/www.actualidadadiario.com\/index.php\/wp-json\/wp\/v2\/tags?post=131809"}],"curies":[{"name":"wp","href":"https:\/\/api.w.org\/{rel}","templated":true}]}}