{"id":131804,"date":"2025-08-20T09:44:40","date_gmt":"2025-08-20T12:44:40","guid":{"rendered":"https:\/\/www.actualidadadiario.com\/?p=131804"},"modified":"2025-08-20T09:44:40","modified_gmt":"2025-08-20T12:44:40","slug":"con-cambios-hubo-dictamen-favorable-al-proyecto-para-reperfilar-la-deuda-en-dolares-de-entre-rios","status":"publish","type":"post","link":"https:\/\/www.actualidadadiario.com\/index.php\/2025\/08\/20\/con-cambios-hubo-dictamen-favorable-al-proyecto-para-reperfilar-la-deuda-en-dolares-de-entre-rios\/","title":{"rendered":"Con cambios, hubo dictamen favorable al proyecto para reperfilar la deuda en d\u00f3lares de Entre R\u00edos"},"content":{"rendered":"<p style=\"text-align: center;\"><em><strong>Los senadores acordaron dar dictamen favorable, con modificaci\u00f3n del art\u00edculo 4, al proyecto de ley por el que se declara prioritaria la \u201crestauraci\u00f3n de la sostenibilidad de la deuda p\u00fablica provincial\u201d<\/strong><\/em><\/p>\n<p>&nbsp;<\/p>\n<p>&nbsp;<\/p>\n<p>Este martes, pasado el mediod\u00eda, los presidentes de las Comisiones de Legislaci\u00f3n General, y de Presupuesto y Hacienda de la C\u00e1mara de Senadores de Entre R\u00edos, Nancy Miranda (Federal \u2013 M\u00e1s para Entre R\u00edos) y Gustavo Vergara (Diamante- Juntos Por Entre R\u00edos) y junto a los senadores miembros, acordaron dar dictamen favorable con modificaci\u00f3n del art\u00edculo 4, al proyecto de ley de \u201cSostenibilidad de la deuda p\u00fablica de la provincia de Entre R\u00edos\u201d.<\/p>\n<p>Luego del encuentro, el senador Vergara expres\u00f3: \u201cEn la reuni\u00f3n conjunta hubo un dictamen que se va a ingresar en la sesi\u00f3n de hoy a las 19 horas y estamos programando sesionar en forma especial el martes pr\u00f3ximo para darle tratamiento\u201d. Y aclar\u00f3: \u201cEl dictamen va con modificaci\u00f3n del art\u00edculo 4, donde en concreto se especifica la autorizaci\u00f3n del Poder Ejecutivo para invitar a los municipios que hayan tomado el cr\u00e9dito internacional con la ley anterior a que se puedan adherir y tomar las mismas condiciones que va a tener la provincia en esta nueva renegociaci\u00f3n\u201d, explic\u00f3 el legislador.<\/p>\n<p>El proyecto de ley, de autor\u00eda del Poder Ejecutivo, autoriza al mismo a concretar actos, operaciones, mecanismos y\/o instrumentos financieros de cr\u00e9dito p\u00fablico, en moneda nacional o extranjera, que juzgue m\u00e1s apropiados para adecuar las condiciones emergentes de las obligaciones derivadas de la deuda p\u00fablica provincial y\/o pagos referentes al inciso 7: Servicios de la Deuda y Disminuci\u00f3n de Otros Pasivos, incluyendo la restituci\u00f3n al Tesoro Provincial de los fondos erogados por tales conceptos durante el ejercicio 2025, hasta un monto total que no podr\u00e1 exceder los U$S 500.000.000 (d\u00f3lares estadounidenses quinientos millones), o su equivalente en Pesos conforme al tipo de cambio vigente al momento del efectivo ingreso de los fondos.<\/p>\n<p>Las operaciones podr\u00e1n celebrarse en pesos o en moneda extranjera. El Poder Ejecutivo podr\u00e1 asegurar el cumplimiento de las distintas obligaciones asumidas conforme las autorizaciones que prev\u00e9 esta Ley, mediante la afectaci\u00f3n en garant\u00eda y\/o cesi\u00f3n de los derechos de la Provincia, sobre las sumas a percibir por el R\u00e9gimen de Coparticipaci\u00f3n Federal de Impuestos Nacionales o el r\u00e9gimen que lo sustituya o modifique, como as\u00ed tambi\u00e9n los recursos tributarios derivados de la propia administraci\u00f3n y recaudaci\u00f3n provincial y que integran la Fuente Tesoro Provincial.<\/p>\n<p>Participaron de la reuni\u00f3n, junto a los presidentes de cada comisi\u00f3n, los senadores: Juan Pablo Cosso (Villaguay- M\u00e1s para Entre R\u00edos), Rafael Cavagna (Nogoy\u00e1 \u2013 Juntos), Rub\u00e9n Dal Mol\u00edn (Federaci\u00f3n \u2013 Juntos), V\u00edctor Sanzberro (Victoria \u2013 M\u00e1s para Entre R\u00edos), Casiano Otaegui (Gualeguay \u2013 Juntos Por Entre R\u00edos), Ramiro Favre (Col\u00f3n \u2013 Juntos Por Entre R\u00edos), Jaime Benedetti (Gualeguaych\u00fa \u2013 Juntos Por Entre R\u00edos), Marcelo Berthet (San Salvador \u2013 M\u00e1s Para Entre R\u00edos); y las senadoras Gladys Dom\u00ednguez (Feliciano \u2013 Peronismo Federal); Claudia Silva (Paran\u00e1- M\u00e1s para Entre R\u00edos) y Patricia D\u00edaz (La Paz- M\u00e1s para Entre R\u00edos).<\/p>\n","protected":false},"excerpt":{"rendered":"<p>Los senadores acordaron dar dictamen favorable, con modificaci\u00f3n del art\u00edculo 4, al proyecto de ley por el que se declara prioritaria la \u201crestauraci\u00f3n de la sostenibilidad de la deuda p\u00fablica provincial\u201d &nbsp; &nbsp; Este martes, pasado el mediod\u00eda, los presidentes de las Comisiones de Legislaci\u00f3n General, y de Presupuesto y Hacienda de la C\u00e1mara de Senadores de Entre R\u00edos, Nancy Miranda (Federal \u2013 M\u00e1s para Entre R\u00edos) y Gustavo Vergara (Diamante- Juntos Por Entre R\u00edos) y junto a los senadores miembros, acordaron dar dictamen favorable con modificaci\u00f3n del art\u00edculo 4,&#8230;<\/p>\n","protected":false},"author":3,"featured_media":131805,"comment_status":"closed","ping_status":"closed","sticky":false,"template":"","format":"standard","meta":[],"categories":[15],"tags":[],"_links":{"self":[{"href":"https:\/\/www.actualidadadiario.com\/index.php\/wp-json\/wp\/v2\/posts\/131804"}],"collection":[{"href":"https:\/\/www.actualidadadiario.com\/index.php\/wp-json\/wp\/v2\/posts"}],"about":[{"href":"https:\/\/www.actualidadadiario.com\/index.php\/wp-json\/wp\/v2\/types\/post"}],"author":[{"embeddable":true,"href":"https:\/\/www.actualidadadiario.com\/index.php\/wp-json\/wp\/v2\/users\/3"}],"replies":[{"embeddable":true,"href":"https:\/\/www.actualidadadiario.com\/index.php\/wp-json\/wp\/v2\/comments?post=131804"}],"version-history":[{"count":1,"href":"https:\/\/www.actualidadadiario.com\/index.php\/wp-json\/wp\/v2\/posts\/131804\/revisions"}],"predecessor-version":[{"id":131806,"href":"https:\/\/www.actualidadadiario.com\/index.php\/wp-json\/wp\/v2\/posts\/131804\/revisions\/131806"}],"wp:featuredmedia":[{"embeddable":true,"href":"https:\/\/www.actualidadadiario.com\/index.php\/wp-json\/wp\/v2\/media\/131805"}],"wp:attachment":[{"href":"https:\/\/www.actualidadadiario.com\/index.php\/wp-json\/wp\/v2\/media?parent=131804"}],"wp:term":[{"taxonomy":"category","embeddable":true,"href":"https:\/\/www.actualidadadiario.com\/index.php\/wp-json\/wp\/v2\/categories?post=131804"},{"taxonomy":"post_tag","embeddable":true,"href":"https:\/\/www.actualidadadiario.com\/index.php\/wp-json\/wp\/v2\/tags?post=131804"}],"curies":[{"name":"wp","href":"https:\/\/api.w.org\/{rel}","templated":true}]}}