{"id":131788,"date":"2025-08-19T11:37:22","date_gmt":"2025-08-19T14:37:22","guid":{"rendered":"https:\/\/www.actualidadadiario.com\/?p=131788"},"modified":"2025-08-19T11:37:22","modified_gmt":"2025-08-19T14:37:22","slug":"oficializan-la-renuncia-de-tres-funcionarios-del-ministerio-de-economia","status":"publish","type":"post","link":"https:\/\/www.actualidadadiario.com\/index.php\/2025\/08\/19\/oficializan-la-renuncia-de-tres-funcionarios-del-ministerio-de-economia\/","title":{"rendered":"Oficializan la renuncia de tres funcionarios del Ministerio de Econom\u00eda"},"content":{"rendered":"<p style=\"text-align: center;\"><em><strong>El presidente Javier Milei acept\u00f3 las dimisiones de Marcos Mart\u00edn Ayerra, Esteban Marzorati y Santiago Migone, seg\u00fan lo publicado en el Bolet\u00edn Oficial. La medida forma parte de una reestructuraci\u00f3n que elimina secretar\u00edas clave del \u00e1rea productiva<\/strong><\/em><\/p>\n<p>&nbsp;<\/p>\n<p>&nbsp;<\/p>\n<p>El Poder Ejecutivo formaliz\u00f3 la salida de los funcionarios del Ministerio de Econom\u00eda Mart\u00edn Ayerra, Esteban Marzorati y Santiago Migone, a trav\u00e9s del Decreto 589\/2025 publicado en la madrugada de este martes. \u201cLas funciones de la Secretar\u00eda de Industria y Comercio y de la Secretar\u00eda Pyme, Emprendedores y Econom\u00eda del Conocimiento pasar\u00e1n a ser absorbidas por la Secretar\u00eda de Coordinaci\u00f3n de Producci\u00f3n del Ministerio de Econom\u00eda\u201d, confirm\u00f3 el Gobierno.<\/p>\n<p>La primera de las renuncias corresponde a Ayerra, secretario Pyme que hab\u00eda anticipado semanas atr\u00e1s su alejamiento luego de admitir que en 2024 cerraron 13.000 empresas en t\u00e9rminos netos. Durante su gesti\u00f3n funcionaban tres subsecretar\u00edas: Pymes (a cargo de Christian Bauab), Emprendedores (Pablo Guti\u00e9rrez Oyhanarte) y Econom\u00eda del Conocimiento (Santiago Pordelanne).<\/p>\n<p>En paralelo, Marzorati dej\u00f3 vacante la Secretar\u00eda de Industria y Comercio, que concentraba \u00e1reas estrat\u00e9gicas como Pol\u00edtica Industrial, Gesti\u00f3n Productiva, Comercio Exterior y Defensa del Consumidor. El licenciado en Econom\u00eda supervisaba desde all\u00ed las pol\u00edticas vinculadas al sector manufacturero y las relaciones comerciales internas y externas. Desde la Uni\u00f3n Industrial Argentina se\u00f1alaron que \u201cen la Uni\u00f3n Industrial Argentina (UIA) era valorado porque escuchaba, aunque no ten\u00eda mucho rol pol\u00edtico ni muchos instrumentos\u201d. Asimismo, la central fabril denunci\u00f3 que al \u00faltimo \u201cle hab\u00edan sacado fondos para subsidiar tasa. No qued\u00f3 nada\u201d.<\/p>\n<p>La tercera dimisi\u00f3n fue la de Migone, que hasta fines del mes pasado se desempe\u00f1\u00f3 como subsecretario de Evaluaci\u00f3n y Seguimiento de Producci\u00f3n. Su \u00e1rea estaba dedicada a monitorear la implementaci\u00f3n de pol\u00edticas y programas vinculados a la industria. La aceptaci\u00f3n de su salida qued\u00f3 plasmada tambi\u00e9n en el decreto firmado por Milei y el ministro de Econom\u00eda, Luis Caputo.<\/p>\n<p>Con estas bajas, el Ejecutivo resolvi\u00f3 eliminar las secretar\u00edas Pyme y de Industria y Comercio, transfiriendo sus funciones a la \u00f3rbita de la Secretar\u00eda de Coordinaci\u00f3n de Producci\u00f3n, que conduce Pablo Lavigne. Seg\u00fan la versi\u00f3n oficial, el cambio busca \u201chacer m\u00e1s eficiente el funcionamiento de la cartera\u201d. No obstante, las subsecretar\u00edas t\u00e9cnicas se mantendr\u00e1n activas bajo la nueva estructura.<\/p>\n<p>En la misma resoluci\u00f3n, Caputo destac\u00f3 \u201cel esfuerzo, dedicaci\u00f3n y talento al servicio del pa\u00eds que tanto Marcos como Esteban demostraron durante su ejercicio del cargo\u201d. Sin embargo, en el sector industrial remarcan que las secretar\u00edas ya hab\u00edan perdido peso pol\u00edtico y financiero, tras el recorte de fondos para subsidios, aportes no reembolsables y programas de apoyo a las pymes.<\/p>\n","protected":false},"excerpt":{"rendered":"<p>El presidente Javier Milei acept\u00f3 las dimisiones de Marcos Mart\u00edn Ayerra, Esteban Marzorati y Santiago Migone, seg\u00fan lo publicado en el Bolet\u00edn Oficial. La medida forma parte de una reestructuraci\u00f3n que elimina secretar\u00edas clave del \u00e1rea productiva &nbsp; &nbsp; El Poder Ejecutivo formaliz\u00f3 la salida de los funcionarios del Ministerio de Econom\u00eda Mart\u00edn Ayerra, Esteban Marzorati y Santiago Migone, a trav\u00e9s del Decreto 589\/2025 publicado en la madrugada de este martes. \u201cLas funciones de la Secretar\u00eda de Industria y Comercio y de la Secretar\u00eda Pyme, Emprendedores y Econom\u00eda del Conocimiento&#8230;<\/p>\n","protected":false},"author":3,"featured_media":131789,"comment_status":"closed","ping_status":"closed","sticky":false,"template":"","format":"standard","meta":[],"categories":[18],"tags":[],"_links":{"self":[{"href":"https:\/\/www.actualidadadiario.com\/index.php\/wp-json\/wp\/v2\/posts\/131788"}],"collection":[{"href":"https:\/\/www.actualidadadiario.com\/index.php\/wp-json\/wp\/v2\/posts"}],"about":[{"href":"https:\/\/www.actualidadadiario.com\/index.php\/wp-json\/wp\/v2\/types\/post"}],"author":[{"embeddable":true,"href":"https:\/\/www.actualidadadiario.com\/index.php\/wp-json\/wp\/v2\/users\/3"}],"replies":[{"embeddable":true,"href":"https:\/\/www.actualidadadiario.com\/index.php\/wp-json\/wp\/v2\/comments?post=131788"}],"version-history":[{"count":1,"href":"https:\/\/www.actualidadadiario.com\/index.php\/wp-json\/wp\/v2\/posts\/131788\/revisions"}],"predecessor-version":[{"id":131790,"href":"https:\/\/www.actualidadadiario.com\/index.php\/wp-json\/wp\/v2\/posts\/131788\/revisions\/131790"}],"wp:featuredmedia":[{"embeddable":true,"href":"https:\/\/www.actualidadadiario.com\/index.php\/wp-json\/wp\/v2\/media\/131789"}],"wp:attachment":[{"href":"https:\/\/www.actualidadadiario.com\/index.php\/wp-json\/wp\/v2\/media?parent=131788"}],"wp:term":[{"taxonomy":"category","embeddable":true,"href":"https:\/\/www.actualidadadiario.com\/index.php\/wp-json\/wp\/v2\/categories?post=131788"},{"taxonomy":"post_tag","embeddable":true,"href":"https:\/\/www.actualidadadiario.com\/index.php\/wp-json\/wp\/v2\/tags?post=131788"}],"curies":[{"name":"wp","href":"https:\/\/api.w.org\/{rel}","templated":true}]}}