{"id":131782,"date":"2025-08-19T10:33:28","date_gmt":"2025-08-19T13:33:28","guid":{"rendered":"https:\/\/www.actualidadadiario.com\/?p=131782"},"modified":"2025-08-19T10:33:28","modified_gmt":"2025-08-19T13:33:28","slug":"reves-para-el-gobierno-la-justicia-declaro-invalido-el-veto-a-la-ley-de-emergencia-en-discapacidad","status":"publish","type":"post","link":"https:\/\/www.actualidadadiario.com\/index.php\/2025\/08\/19\/reves-para-el-gobierno-la-justicia-declaro-invalido-el-veto-a-la-ley-de-emergencia-en-discapacidad\/","title":{"rendered":"Rev\u00e9s para el Gobierno: la Justicia declar\u00f3 inv\u00e1lido el veto a la Ley de Emergencia en Discapacidad"},"content":{"rendered":"<p style=\"text-align: center;\"><strong><em>El Juzgado Federal de Campana benefici\u00f3 a dos personas en una causa de amparo. Si bien no es una medida general, sienta un precedente contra el decreto<\/em><\/strong><\/p>\n<p>&nbsp;<\/p>\n<p>&nbsp;<\/p>\n<p>La Justicia Federal le propin\u00f3 un rev\u00e9s al Gobierno Nacional al declarar la invalidez del veto presidencial a la Ley de Emergencia Nacional en Discapacidad. El fallo, dictado por el Juzgado Federal de Campana, responde a una acci\u00f3n de amparo y, si bien sus efectos se limitan al caso particular, establece un importante precedente judicial.<\/p>\n<p>La decisi\u00f3n judicial declar\u00f3 espec\u00edficamente la invalidez del Art\u00edculo 3 del Decreto 534\/2025, mediante el cual el Poder Ejecutivo vet\u00f3 por completo la Ley 27.793. Es importante aclarar que, como se\u00f1al\u00f3 la periodista Vanesa Petrillo al difundir el fallo, la medida aplica \u00fanicamente al caso concreto de los demandantes y no tiene alcance general.<\/p>\n<p>&nbsp;<\/p>\n<p><strong>El caso y sus consecuencias inmediatas<\/strong><\/p>\n<p>La resoluci\u00f3n judicial responde a una demanda iniciada por dos personas contra el Estado Nacional y tiene efectos directos sobre las prestaciones que reciben dos menores de edad involucrados en la causa.<\/p>\n<ul>\n<li><strong>Amparo a favor:<\/strong> La Justicia hizo lugar parcialmente al amparo presentado por dos personas, cuyas iniciales son O.G.J. y D.R.N.<\/li>\n<li><strong>Orden a la obra social:<\/strong> El fallo ordena que se comunique a la obra social de dos menores (B.N. e Y.N.) para que adec\u00fae sus prestaciones de acuerdo a lo que establec\u00eda la ley de emergencia, ahora restituida para ellos.<\/li>\n<li><strong>Costas a cargo del Estado:<\/strong> El juez impuso que los costos del proceso judicial queden a cargo del Estado Nacional.<\/li>\n<\/ul>\n<p>Aunque el Gobierno puede apelar la medida, este fallo representa la primera resoluci\u00f3n judicial que anula los efectos del veto presidencial en materia de discapacidad y abre la puerta a que se presenten recursos de amparo similares en otros juzgados del pa\u00eds.<\/p>\n","protected":false},"excerpt":{"rendered":"<p>El Juzgado Federal de Campana benefici\u00f3 a dos personas en una causa de amparo. Si bien no es una medida general, sienta un precedente contra el decreto &nbsp; &nbsp; La Justicia Federal le propin\u00f3 un rev\u00e9s al Gobierno Nacional al declarar la invalidez del veto presidencial a la Ley de Emergencia Nacional en Discapacidad. El fallo, dictado por el Juzgado Federal de Campana, responde a una acci\u00f3n de amparo y, si bien sus efectos se limitan al caso particular, establece un importante precedente judicial. La decisi\u00f3n judicial declar\u00f3 espec\u00edficamente la&#8230;<\/p>\n","protected":false},"author":3,"featured_media":131783,"comment_status":"closed","ping_status":"closed","sticky":false,"template":"","format":"standard","meta":[],"categories":[18],"tags":[],"_links":{"self":[{"href":"https:\/\/www.actualidadadiario.com\/index.php\/wp-json\/wp\/v2\/posts\/131782"}],"collection":[{"href":"https:\/\/www.actualidadadiario.com\/index.php\/wp-json\/wp\/v2\/posts"}],"about":[{"href":"https:\/\/www.actualidadadiario.com\/index.php\/wp-json\/wp\/v2\/types\/post"}],"author":[{"embeddable":true,"href":"https:\/\/www.actualidadadiario.com\/index.php\/wp-json\/wp\/v2\/users\/3"}],"replies":[{"embeddable":true,"href":"https:\/\/www.actualidadadiario.com\/index.php\/wp-json\/wp\/v2\/comments?post=131782"}],"version-history":[{"count":1,"href":"https:\/\/www.actualidadadiario.com\/index.php\/wp-json\/wp\/v2\/posts\/131782\/revisions"}],"predecessor-version":[{"id":131784,"href":"https:\/\/www.actualidadadiario.com\/index.php\/wp-json\/wp\/v2\/posts\/131782\/revisions\/131784"}],"wp:featuredmedia":[{"embeddable":true,"href":"https:\/\/www.actualidadadiario.com\/index.php\/wp-json\/wp\/v2\/media\/131783"}],"wp:attachment":[{"href":"https:\/\/www.actualidadadiario.com\/index.php\/wp-json\/wp\/v2\/media?parent=131782"}],"wp:term":[{"taxonomy":"category","embeddable":true,"href":"https:\/\/www.actualidadadiario.com\/index.php\/wp-json\/wp\/v2\/categories?post=131782"},{"taxonomy":"post_tag","embeddable":true,"href":"https:\/\/www.actualidadadiario.com\/index.php\/wp-json\/wp\/v2\/tags?post=131782"}],"curies":[{"name":"wp","href":"https:\/\/api.w.org\/{rel}","templated":true}]}}