{"id":131780,"date":"2025-08-19T10:32:11","date_gmt":"2025-08-19T13:32:11","guid":{"rendered":"https:\/\/www.actualidadadiario.com\/?p=131780"},"modified":"2025-08-19T10:32:11","modified_gmt":"2025-08-19T13:32:11","slug":"elecciones-2025-los-bloques-que-renuevan-bancas-en-las-nacionales-de-octubre","status":"publish","type":"post","link":"https:\/\/www.actualidadadiario.com\/index.php\/2025\/08\/19\/elecciones-2025-los-bloques-que-renuevan-bancas-en-las-nacionales-de-octubre\/","title":{"rendered":"Elecciones 2025: los bloques que renuevan bancas en las nacionales de octubre"},"content":{"rendered":"<p style=\"text-align: center;\"><em><strong>Las elecciones de este a\u00f1o pondr\u00e1n en juego un n\u00famero clave de esca\u00f1os en la C\u00e1mara de Diputados y el Senado. Oficialismo y oposici\u00f3n atraviesan recambios internos y alianzas que reconfigurar\u00e1n la relaci\u00f3n de fuerzas en el Congreso<\/strong><\/em><\/p>\n<p>&nbsp;<\/p>\n<p>&nbsp;<\/p>\n<p>La C\u00e1mara de Diputados y el Senado ver\u00e1n un movimiento importante de bancas en las elecciones de octubre, con los distintos bloques ajustando sus listas para la contienda nacional. Entre los factores a observar est\u00e1n los cambios en candidaturas y las alianzas entre partidos que redefinir\u00e1n la composici\u00f3n parlamentaria.<\/p>\n<p>&nbsp;<\/p>\n<p><strong>Peronismo<\/strong><\/p>\n<p>El bloque de Uni\u00f3n por la Patria, que competir\u00e1 bajo el sello Fuerza Patria, arriesga 46 de sus 98 bancas en la C\u00e1mara Baja. Vanesa Siley, Sergio Palazzo, Agustina Propato y Hugo Yasky encabezan la lista de quienes buscar\u00e1n renovar en Buenos Aires, mientras que Pablo Carro har\u00e1 lo propio en C\u00f3rdoba y Ricardo Herrera en La Rioja. Asimismo, el kirchnerismo afrontar\u00e1 la salida de nombres fuertes como Leandro Santoro, Leopoldo Moreau, Daniel Gollan, Daniel Arroyo y Carolina Gaillard.<\/p>\n<p>En el Senado, el peronismo expone 13 de sus 34 lugares: Mariano Recalde, Silvia Sapag, Cristina L\u00f3pez y Sergio Leavy intentar\u00e1n seguir, pero Oscar Parrilli y Antonio Rodas dejar\u00e1n sus bancas.<\/p>\n<p>&nbsp;<\/p>\n<p><strong>La Libertad Avanza<\/strong><\/p>\n<p>El oficialismo redefinir\u00e1 apenas ocho de sus 39 esca\u00f1os en Diputados. Jos\u00e9 Luis Espert encabezar\u00e1 la boleta bonaerense, mientras que Nicol\u00e1s Emma y Mar\u00eda Fernanda Araujo figuran en la Ciudad de Buenos Aires en posiciones relegadas. \u00c1lvaro Mart\u00ednez har\u00e1 lo propio en Mendoza.<\/p>\n<p>El esquema libertario volver\u00e1 a recurrir a candidaturas repetidas: Nadia M\u00e1rquez y Lorena Villaverde podr\u00edan pasar al Senado, mientras que Mar\u00eda Emilia Orozco en Salta y Florencia Klipauka en Misiones son parte del recambio. En la C\u00e1mara Alta, la fuerza oficialista tambi\u00e9n depender\u00e1 de su acuerdo con el PRO para no perder peso en las provincias grandes<\/p>\n<p>&nbsp;<\/p>\n<p><strong>PRO<\/strong><\/p>\n<p>El macrismo deber\u00e1 renovar 21 de sus 35 diputados, aunque su alianza con La Libertad Avanza anticipa un retroceso en el n\u00famero de bancas propias. Diego Santilli, Alejandro Finocchiaro y Florencia De Sensi encabezan la boleta bonaerense de la coalici\u00f3n, mientras que Florencia Ajmechet buscar\u00e1 repetir en la Ciudad. Tambi\u00e9n se suman Laura Rodr\u00edguez Machado en C\u00f3rdoba y An\u00edbal Tortoriello en R\u00edo Negro. Entre las bajas figuran Mar\u00eda Eugenia Vidal, ferviente opositora del pacto con Javier Milei; Fernando Iglesias, que pasar\u00eda al servicio diplom\u00e1tico, y Gerardo Milman.<\/p>\n<p>&nbsp;<\/p>\n<p><strong>Radicalismo<\/strong><\/p>\n<p>La Uni\u00f3n C\u00edvica Radical atraviesa una elecci\u00f3n clave, puesto que, de sus 14 diputados, 11 quedan en juego. Rodrigo De Loredo decidi\u00f3 no buscar la reelecci\u00f3n tras el conflicto interno por las elecciones partidarias. Tambi\u00e9n se despedir\u00e1n Julio Cobos y Fabio Quetglas. Las figuras que intentar\u00e1n sostener sus lugares son Pamela Verasay y Roberto S\u00e1nchez.<\/p>\n<p>En el Senado, los radicales renovar\u00e1n cuatro esca\u00f1os: Mart\u00edn Lousteau y V\u00edctor Zimmerman concluir\u00e1n sus mandatos, mientras que Pablo Blanco intentar\u00e1 retener la representaci\u00f3n por Tierra del Fuego.<\/p>\n<p>El resto de la oposici\u00f3n tambi\u00e9n buscar\u00e1 renovar bancas cruciales. Por un lado, Democracia para Siempre arriesga nueve de sus 12 diputados: Facundo Manes deja su banca para competir por el Senado porte\u00f1o, mientras que Danya Tavela podr\u00eda recalar en Provincias Unidas. Del otro, Encuentro Federal apostar\u00e1 por la renovaci\u00f3n de 15 legisladores, Florencio Randazzo, Emilio Monz\u00f3 y Margarita Stolbizer. En C\u00f3rdoba, ser\u00e1n Natalia De la Sota y Oscar Agost Carre\u00f1o quienes intenten la reelecci\u00f3n.<\/p>\n<p>Enfrentados, la Izquierda y los republicanos arriesgar\u00e1n, la primera a Alejandro Vilca en Jujuy, del Frente de Izquierda y los Trabajadores; el segundo grupo apostar\u00e1 por Ricardo L\u00f3pez Murphy, de Republicanos Unidos, que aspira a conservar su esca\u00f1o por la Ciudad de Buenos Aires.<\/p>\n","protected":false},"excerpt":{"rendered":"<p>Las elecciones de este a\u00f1o pondr\u00e1n en juego un n\u00famero clave de esca\u00f1os en la C\u00e1mara de Diputados y el Senado. Oficialismo y oposici\u00f3n atraviesan recambios internos y alianzas que reconfigurar\u00e1n la relaci\u00f3n de fuerzas en el Congreso &nbsp; &nbsp; La C\u00e1mara de Diputados y el Senado ver\u00e1n un movimiento importante de bancas en las elecciones de octubre, con los distintos bloques ajustando sus listas para la contienda nacional. Entre los factores a observar est\u00e1n los cambios en candidaturas y las alianzas entre partidos que redefinir\u00e1n la composici\u00f3n parlamentaria. &nbsp;&#8230;<\/p>\n","protected":false},"author":3,"featured_media":56503,"comment_status":"closed","ping_status":"closed","sticky":false,"template":"","format":"standard","meta":[],"categories":[9],"tags":[],"_links":{"self":[{"href":"https:\/\/www.actualidadadiario.com\/index.php\/wp-json\/wp\/v2\/posts\/131780"}],"collection":[{"href":"https:\/\/www.actualidadadiario.com\/index.php\/wp-json\/wp\/v2\/posts"}],"about":[{"href":"https:\/\/www.actualidadadiario.com\/index.php\/wp-json\/wp\/v2\/types\/post"}],"author":[{"embeddable":true,"href":"https:\/\/www.actualidadadiario.com\/index.php\/wp-json\/wp\/v2\/users\/3"}],"replies":[{"embeddable":true,"href":"https:\/\/www.actualidadadiario.com\/index.php\/wp-json\/wp\/v2\/comments?post=131780"}],"version-history":[{"count":1,"href":"https:\/\/www.actualidadadiario.com\/index.php\/wp-json\/wp\/v2\/posts\/131780\/revisions"}],"predecessor-version":[{"id":131781,"href":"https:\/\/www.actualidadadiario.com\/index.php\/wp-json\/wp\/v2\/posts\/131780\/revisions\/131781"}],"wp:featuredmedia":[{"embeddable":true,"href":"https:\/\/www.actualidadadiario.com\/index.php\/wp-json\/wp\/v2\/media\/56503"}],"wp:attachment":[{"href":"https:\/\/www.actualidadadiario.com\/index.php\/wp-json\/wp\/v2\/media?parent=131780"}],"wp:term":[{"taxonomy":"category","embeddable":true,"href":"https:\/\/www.actualidadadiario.com\/index.php\/wp-json\/wp\/v2\/categories?post=131780"},{"taxonomy":"post_tag","embeddable":true,"href":"https:\/\/www.actualidadadiario.com\/index.php\/wp-json\/wp\/v2\/tags?post=131780"}],"curies":[{"name":"wp","href":"https:\/\/api.w.org\/{rel}","templated":true}]}}