{"id":131756,"date":"2025-08-19T09:36:01","date_gmt":"2025-08-19T12:36:01","guid":{"rendered":"https:\/\/www.actualidadadiario.com\/?p=131756"},"modified":"2025-08-19T09:36:01","modified_gmt":"2025-08-19T12:36:01","slug":"senado-continua-hoy-el-debate-sobre-el-proyecto-de-toma-de-deuda-en-dolares","status":"publish","type":"post","link":"https:\/\/www.actualidadadiario.com\/index.php\/2025\/08\/19\/senado-continua-hoy-el-debate-sobre-el-proyecto-de-toma-de-deuda-en-dolares\/","title":{"rendered":"Senado: Contin\u00faa hoy el debate sobre el proyecto de toma de deuda en d\u00f3lares"},"content":{"rendered":"<p style=\"text-align: center;\"><em><strong>Las Comisiones de Legislaci\u00f3n General y Presupuesto y Hacienda del Senado de Entre R\u00edos contin\u00faan este martes el tratamiento del proyecto que autoriza al Gobierno provincial a tomar deuda en moneda extranjera por hasta US$500 millones. La semana pasada, la iniciativa gener\u00f3 un intenso debate entre el oficialismo y la oposici\u00f3n<\/strong><\/em><\/p>\n<p>&nbsp;<\/p>\n<p>&nbsp;<\/p>\n<p>El proyecto, defendido por el Gobierno provincial como una herramienta para reestructurar deudas anteriores y financiar obra p\u00fablica, ha sido objeto de duras cr\u00edticas por parte de la oposici\u00f3n, que cuestiona la necesidad y el destino de los fondos. Este martes a las 12:30 continuar\u00e1 el debate en la Sala de Comisiones.<\/p>\n<p>&nbsp;<\/p>\n<p><strong>Las voces del oficialismo<\/strong><\/p>\n<p>El senador Jos\u00e9 Gustavo Vergara (JxER), en declaraciones a esta Agencia, defendi\u00f3 la propuesta se\u00f1alando que, desde el inicio de la gesti\u00f3n del gobernador Rogelio Frigerio, la deuda de la provincia ha bajado en t\u00e9rminos reales, ubic\u00e1ndose en cerca de US$702 millones. &#8220;Esto significa un esfuerzo muy importante que hacen las finanzas provinciales&#8221;, asegur\u00f3.<\/p>\n<p>Vergara tambi\u00e9n indic\u00f3 que, si bien el proyecto podr\u00eda avanzar, su implementaci\u00f3n depender\u00e1 de la situaci\u00f3n de los mercados. &#8220;Hay que esperar que pase el proceso electoral porque hoy los mercados est\u00e1n expectantes&#8221;, explic\u00f3.<\/p>\n<p>El senador Rub\u00e9n Dal Mol\u00edn (Juntos por Entre R\u00edos), por su parte, sostuvo que la deuda actual de la provincia es una herencia de gestiones anteriores. &#8220;Durante las gestiones justicialistas la provincia se endeud\u00f3 para pagar sueldos, no para hacer obras&#8221;, afirm\u00f3. Dal Mol\u00edn respald\u00f3 su argumento con cifras, detallando que entre 2015 y 2017 la provincia acumul\u00f3 un d\u00e9ficit de 4.850millones, equivalentes a casi US294 millones.<\/p>\n<p>&nbsp;<\/p>\n<p><strong>La postura de la oposici\u00f3n<\/strong><\/p>\n<p>El senador V\u00edctor Horacio Sanzberro (PJ), en representaci\u00f3n de la oposici\u00f3n, manifest\u00f3 su cautela ante la iniciativa tras la primera reuni\u00f3n. &#8220;Todav\u00eda me falta alinear informaci\u00f3n, compartir el punto de inicio de las consideraciones&#8221;, explic\u00f3, a\u00f1adiendo que &#8220;necesitamos conocer con absoluta precisi\u00f3n y con grado de detalle la informaci\u00f3n espec\u00edfica que determina la necesidad de reestructurar&#8221;.<\/p>\n<p>En el mismo sentido, los referentes de Fuerza Entre R\u00edos, Ad\u00e1n Bahl y Guillermo Michel, cuestionaron la capacidad del Estado provincial para afrontar este nuevo endeudamiento. &#8220;Consideramos que el Estado Provincial no est\u00e1 en condiciones de afrontar y de abonar este monto porque no hay estudio de flujo de fondos&#8221;, se\u00f1al\u00f3 Bahl.<\/p>\n<p>Michel, por su parte, respondi\u00f3 a la justificaci\u00f3n del oficialismo, que atribuye la necesidad de endeudamiento a la herencia de la gesti\u00f3n de Gustavo Bordet. Bahl y Michel coincidieron en exigir saber &#8220;c\u00f3mo van a devolver eso, m\u00e1xime teniendo en cuenta que esa deuda es en d\u00f3lares y que si hay una devaluaci\u00f3n en la Argentina, se incrementa sustancialmente esa deuda&#8221;.<\/p>\n<p>Ambos referentes advirtieron que, si no se presentan los documentos que justifiquen el flujo de fondos, est\u00e1n dispuestos a recurrir a la Justicia.<\/p>\n","protected":false},"excerpt":{"rendered":"<p>Las Comisiones de Legislaci\u00f3n General y Presupuesto y Hacienda del Senado de Entre R\u00edos contin\u00faan este martes el tratamiento del proyecto que autoriza al Gobierno provincial a tomar deuda en moneda extranjera por hasta US$500 millones. La semana pasada, la iniciativa gener\u00f3 un intenso debate entre el oficialismo y la oposici\u00f3n &nbsp; &nbsp; El proyecto, defendido por el Gobierno provincial como una herramienta para reestructurar deudas anteriores y financiar obra p\u00fablica, ha sido objeto de duras cr\u00edticas por parte de la oposici\u00f3n, que cuestiona la necesidad y el destino de&#8230;<\/p>\n","protected":false},"author":3,"featured_media":122561,"comment_status":"closed","ping_status":"closed","sticky":false,"template":"","format":"standard","meta":[],"categories":[15],"tags":[],"_links":{"self":[{"href":"https:\/\/www.actualidadadiario.com\/index.php\/wp-json\/wp\/v2\/posts\/131756"}],"collection":[{"href":"https:\/\/www.actualidadadiario.com\/index.php\/wp-json\/wp\/v2\/posts"}],"about":[{"href":"https:\/\/www.actualidadadiario.com\/index.php\/wp-json\/wp\/v2\/types\/post"}],"author":[{"embeddable":true,"href":"https:\/\/www.actualidadadiario.com\/index.php\/wp-json\/wp\/v2\/users\/3"}],"replies":[{"embeddable":true,"href":"https:\/\/www.actualidadadiario.com\/index.php\/wp-json\/wp\/v2\/comments?post=131756"}],"version-history":[{"count":1,"href":"https:\/\/www.actualidadadiario.com\/index.php\/wp-json\/wp\/v2\/posts\/131756\/revisions"}],"predecessor-version":[{"id":131757,"href":"https:\/\/www.actualidadadiario.com\/index.php\/wp-json\/wp\/v2\/posts\/131756\/revisions\/131757"}],"wp:featuredmedia":[{"embeddable":true,"href":"https:\/\/www.actualidadadiario.com\/index.php\/wp-json\/wp\/v2\/media\/122561"}],"wp:attachment":[{"href":"https:\/\/www.actualidadadiario.com\/index.php\/wp-json\/wp\/v2\/media?parent=131756"}],"wp:term":[{"taxonomy":"category","embeddable":true,"href":"https:\/\/www.actualidadadiario.com\/index.php\/wp-json\/wp\/v2\/categories?post=131756"},{"taxonomy":"post_tag","embeddable":true,"href":"https:\/\/www.actualidadadiario.com\/index.php\/wp-json\/wp\/v2\/tags?post=131756"}],"curies":[{"name":"wp","href":"https:\/\/api.w.org\/{rel}","templated":true}]}}