{"id":131742,"date":"2025-08-19T09:30:50","date_gmt":"2025-08-19T12:30:50","guid":{"rendered":"https:\/\/www.actualidadadiario.com\/?p=131742"},"modified":"2025-08-19T09:30:50","modified_gmt":"2025-08-19T12:30:50","slug":"el-stj-dispuso-la-regeneracion-de-un-bosque-nativo-en-villaguay-para-recomponer-el-dano","status":"publish","type":"post","link":"https:\/\/www.actualidadadiario.com\/index.php\/2025\/08\/19\/el-stj-dispuso-la-regeneracion-de-un-bosque-nativo-en-villaguay-para-recomponer-el-dano\/","title":{"rendered":"El STJ dispuso la regeneraci\u00f3n de un bosque nativo en Villaguay para recomponer el da\u00f1o"},"content":{"rendered":"<p style=\"text-align: center;\"><em><strong>El Superior Tribunal de Justicia confirm\u00f3 el cese del desmonte en Villaguay y orden\u00f3 un plan de regeneraci\u00f3n natural del bosque nativo. La sentencia establece que deber\u00e1 elaborarse y presentarse en tres meses para su aprobaci\u00f3n judicial<\/strong><\/em><\/p>\n<p>&nbsp;<\/p>\n<p>&nbsp;<\/p>\n<p>El Superior Tribunal de Justicia de Entre R\u00edos (STJ) resolvi\u00f3 rechazar los recursos de apelaci\u00f3n interpuestos por la empresa Salentein Argentina BV, por Mart\u00edn Fernando Beglinomini, Cristian Luis Stertz -presidente de SYS S.A. -, Jorge Rodr\u00edguez y el gobierno provincial, contra la sentencia dictada el 29 de mayo pasado.<\/p>\n<p>En cambio, el m\u00e1ximo \u00f3rgano judicial hizo lugar parcialmente al recurso presentado por la Fundaci\u00f3n Cauce: Cultura Ambiental \u2013 Causa Ecologista, que hab\u00eda promovido una acci\u00f3n de amparo ambiental.<\/p>\n<p>&nbsp;<\/p>\n<p><strong>Elaboraci\u00f3n de un plan de regeneraci\u00f3n<\/strong><\/p>\n<p>El Tribunal, integrado por las vocales Claudia Mizawak y Gisela Schumacher, junto al vocal Germ\u00e1n Carlomagno, dispuso que se elabore un plan espec\u00edfico para la recomposici\u00f3n del da\u00f1o ambiental. La tarea recaer\u00e1 en la Coordinaci\u00f3n de Bosques Nativos, dependiente de la Secretar\u00eda de Agricultura, Ganader\u00eda y Pesca del Ministerio de Desarrollo Econ\u00f3mico.<\/p>\n<p>Asimismo, se habilit\u00f3 la posibilidad de solicitar la colaboraci\u00f3n de la Facultad de Ciencia y Tecnolog\u00eda de la Universidad Aut\u00f3noma de Entre R\u00edos y de docentes de la Universidad Nacional de Entre R\u00edos especializados en Ecolog\u00eda de los Sistemas Agropecuarios y Dasonom\u00eda.<\/p>\n<p>La vocal Mizawak fundament\u00f3 la necesidad de establecer medidas concretas que aseguren la regeneraci\u00f3n natural del bosque nativo o, en su defecto, su restauraci\u00f3n mediante la plantaci\u00f3n de especies aut\u00f3ctonas.<\/p>\n<p>&nbsp;<\/p>\n<p><strong>Plazos y condiciones<\/strong><\/p>\n<p>La sentencia estableci\u00f3 que el plan deber\u00e1 presentarse en un plazo m\u00e1ximo de tres meses ante la jueza de grado, quien evaluar\u00e1 su contenido y fijar\u00e1 los tiempos de ejecuci\u00f3n. La responsabilidad de llevarlo adelante recaer\u00e1 en quienes fueron declarados responsables del da\u00f1o ambiental.<\/p>\n<p>&nbsp;<\/p>\n<p><strong>Confirmaci\u00f3n del fallo inicial<\/strong><\/p>\n<p>El STJ tambi\u00e9n confirm\u00f3 la decisi\u00f3n de la jueza de Paz N\u00ba 1 de Paran\u00e1, Virginia Giachello, quien hab\u00eda ordenado el cese inmediato del desmonte en lotes de propiedad privada ubicados en los distritos Mojones Norte y Mojones Sur, departamento Villaguay.<\/p>\n<p>La medida, adoptada en primera instancia, fue clave para detener la degradaci\u00f3n del ecosistema. Con este nuevo fallo, la Justicia entrerriana dio un paso m\u00e1s al garantizar la restauraci\u00f3n del bosque nativo afectado.<\/p>\n","protected":false},"excerpt":{"rendered":"<p>El Superior Tribunal de Justicia confirm\u00f3 el cese del desmonte en Villaguay y orden\u00f3 un plan de regeneraci\u00f3n natural del bosque nativo. La sentencia establece que deber\u00e1 elaborarse y presentarse en tres meses para su aprobaci\u00f3n judicial &nbsp; &nbsp; El Superior Tribunal de Justicia de Entre R\u00edos (STJ) resolvi\u00f3 rechazar los recursos de apelaci\u00f3n interpuestos por la empresa Salentein Argentina BV, por Mart\u00edn Fernando Beglinomini, Cristian Luis Stertz -presidente de SYS S.A. -, Jorge Rodr\u00edguez y el gobierno provincial, contra la sentencia dictada el 29 de mayo pasado. En cambio,&#8230;<\/p>\n","protected":false},"author":3,"featured_media":131743,"comment_status":"closed","ping_status":"closed","sticky":false,"template":"","format":"standard","meta":[],"categories":[15],"tags":[],"_links":{"self":[{"href":"https:\/\/www.actualidadadiario.com\/index.php\/wp-json\/wp\/v2\/posts\/131742"}],"collection":[{"href":"https:\/\/www.actualidadadiario.com\/index.php\/wp-json\/wp\/v2\/posts"}],"about":[{"href":"https:\/\/www.actualidadadiario.com\/index.php\/wp-json\/wp\/v2\/types\/post"}],"author":[{"embeddable":true,"href":"https:\/\/www.actualidadadiario.com\/index.php\/wp-json\/wp\/v2\/users\/3"}],"replies":[{"embeddable":true,"href":"https:\/\/www.actualidadadiario.com\/index.php\/wp-json\/wp\/v2\/comments?post=131742"}],"version-history":[{"count":1,"href":"https:\/\/www.actualidadadiario.com\/index.php\/wp-json\/wp\/v2\/posts\/131742\/revisions"}],"predecessor-version":[{"id":131744,"href":"https:\/\/www.actualidadadiario.com\/index.php\/wp-json\/wp\/v2\/posts\/131742\/revisions\/131744"}],"wp:featuredmedia":[{"embeddable":true,"href":"https:\/\/www.actualidadadiario.com\/index.php\/wp-json\/wp\/v2\/media\/131743"}],"wp:attachment":[{"href":"https:\/\/www.actualidadadiario.com\/index.php\/wp-json\/wp\/v2\/media?parent=131742"}],"wp:term":[{"taxonomy":"category","embeddable":true,"href":"https:\/\/www.actualidadadiario.com\/index.php\/wp-json\/wp\/v2\/categories?post=131742"},{"taxonomy":"post_tag","embeddable":true,"href":"https:\/\/www.actualidadadiario.com\/index.php\/wp-json\/wp\/v2\/tags?post=131742"}],"curies":[{"name":"wp","href":"https:\/\/api.w.org\/{rel}","templated":true}]}}