{"id":131729,"date":"2025-08-14T10:45:09","date_gmt":"2025-08-14T13:45:09","guid":{"rendered":"https:\/\/www.actualidadadiario.com\/?p=131729"},"modified":"2025-08-14T10:45:09","modified_gmt":"2025-08-14T13:45:09","slug":"fuerte-mensaje-de-la-uia-al-gobierno-por-la-economia","status":"publish","type":"post","link":"https:\/\/www.actualidadadiario.com\/index.php\/2025\/08\/14\/fuerte-mensaje-de-la-uia-al-gobierno-por-la-economia\/","title":{"rendered":"Fuerte mensaje de la UIA al Gobierno por la econom\u00eda"},"content":{"rendered":"<p style=\"text-align: center;\"><em><strong>Rappallini lanz\u00f3 un fuerte reclamo: reformas, alivio impositivo y apoyo al sector privado para competir. \u201cNo van a venir los marcianos a hacerlo\u201d<\/strong><\/em><\/p>\n<p>&nbsp;<\/p>\n<p>&nbsp;<\/p>\n<p>El presidente de la Uni\u00f3n Industrial Argentina (UIA), Mart\u00edn Rappallini, lanz\u00f3 este mi\u00e9rcoles un fuerte mensaje al Gobierno al reclamar reformas impositivas y laborales, y mayor acompa\u00f1amiento al sector privado.<\/p>\n<p>\u201cNo es ordenar la macro y ya est\u00e1; faltan reformas. Est\u00e1 bien que hay que competir con el mundo cuando se abre la econom\u00eda, pero tiene que haber un acompa\u00f1amiento al sector privado porque no van a venir los marcianos a hacerlo\u201d, afirm\u00f3 durante un almuerzo del Rotary Club de Buenos Aires.<\/p>\n<p>&nbsp;<\/p>\n<p><strong>Los costos que ahogan a la producci\u00f3n<\/strong><\/p>\n<p>Rappallini advirti\u00f3 que \u201cel problema de la apertura de la econom\u00eda es abrirla pero continuar con todas las distorsiones\u201d. Seg\u00fan explic\u00f3, los impuestos y otras cargas que impone el Estado dejan al productor nacional en desventaja: \u201cEstamos un 25% m\u00e1s caros que Brasil y M\u00e9xico por cuestiones estructurales\u201d.<\/p>\n<p>Adem\u00e1s, cuestion\u00f3 la legislaci\u00f3n laboral vigente: \u201cLa gente no quiere emplear por las leyes que fuimos poniendo, tener un empleado en la Argentina es terrible\u201d.<\/p>\n<p>&nbsp;<\/p>\n<p><strong>Inflaci\u00f3n y competitividad<\/strong><\/p>\n<p>El titular de la UIA celebr\u00f3 la baja de la inflaci\u00f3n lograda durante la gesti\u00f3n de Javier Milei, pero advirti\u00f3 que \u201csin baja de impuestos no hay forma de normalizar el pa\u00eds\u201d. Tambi\u00e9n remarc\u00f3 que incluso sectores \u201cen teor\u00eda muy competitivos\u201d est\u00e1n teniendo dificultades para sostener su actividad.<\/p>\n<p>\u201cTodos los pa\u00edses del mundo est\u00e1n amenazados por las importaciones, la diferencia son las herramientas que te da el pa\u00eds para ser m\u00e1s competitivos\u201d, apunt\u00f3.<\/p>\n<p>&nbsp;<\/p>\n<p><strong>La falta de empresas<\/strong><\/p>\n<p>Durante su exposici\u00f3n, Rappallini mostr\u00f3 cifras que reflejan la baja densidad empresarial en la Argentina en comparaci\u00f3n con otras econom\u00edas de la regi\u00f3n. \u201cHace casi 15 a\u00f1os que no generamos empleo o empresas. Es un dato terrible\u201d, sostuvo.<\/p>\n<p>En ese sentido, destac\u00f3 los casos de Corea del Sur y Brasil, pa\u00edses que lograron crecer a partir del fortalecimiento del sector privado.<\/p>\n<p>&nbsp;<\/p>\n<p><strong>D\u00eda de la Industria<\/strong><\/p>\n<p>El presidente de la UIA confirm\u00f3 que el pr\u00f3ximo 2 de septiembre, en C\u00f3rdoba, se celebrar\u00e1 el D\u00eda de la Industria con la presentaci\u00f3n del nuevo contrato productivo, un compromiso del sector industrial con un modelo de pa\u00eds.<\/p>\n<p>Para el evento fue invitado el presidente Javier Milei, en la antesala de las elecciones legislativas bonaerenses.<\/p>\n","protected":false},"excerpt":{"rendered":"<p>Rappallini lanz\u00f3 un fuerte reclamo: reformas, alivio impositivo y apoyo al sector privado para competir. \u201cNo van a venir los marcianos a hacerlo\u201d &nbsp; &nbsp; El presidente de la Uni\u00f3n Industrial Argentina (UIA), Mart\u00edn Rappallini, lanz\u00f3 este mi\u00e9rcoles un fuerte mensaje al Gobierno al reclamar reformas impositivas y laborales, y mayor acompa\u00f1amiento al sector privado. \u201cNo es ordenar la macro y ya est\u00e1; faltan reformas. Est\u00e1 bien que hay que competir con el mundo cuando se abre la econom\u00eda, pero tiene que haber un acompa\u00f1amiento al sector privado porque no&#8230;<\/p>\n","protected":false},"author":3,"featured_media":131730,"comment_status":"closed","ping_status":"closed","sticky":false,"template":"","format":"standard","meta":[],"categories":[18],"tags":[],"_links":{"self":[{"href":"https:\/\/www.actualidadadiario.com\/index.php\/wp-json\/wp\/v2\/posts\/131729"}],"collection":[{"href":"https:\/\/www.actualidadadiario.com\/index.php\/wp-json\/wp\/v2\/posts"}],"about":[{"href":"https:\/\/www.actualidadadiario.com\/index.php\/wp-json\/wp\/v2\/types\/post"}],"author":[{"embeddable":true,"href":"https:\/\/www.actualidadadiario.com\/index.php\/wp-json\/wp\/v2\/users\/3"}],"replies":[{"embeddable":true,"href":"https:\/\/www.actualidadadiario.com\/index.php\/wp-json\/wp\/v2\/comments?post=131729"}],"version-history":[{"count":1,"href":"https:\/\/www.actualidadadiario.com\/index.php\/wp-json\/wp\/v2\/posts\/131729\/revisions"}],"predecessor-version":[{"id":131731,"href":"https:\/\/www.actualidadadiario.com\/index.php\/wp-json\/wp\/v2\/posts\/131729\/revisions\/131731"}],"wp:featuredmedia":[{"embeddable":true,"href":"https:\/\/www.actualidadadiario.com\/index.php\/wp-json\/wp\/v2\/media\/131730"}],"wp:attachment":[{"href":"https:\/\/www.actualidadadiario.com\/index.php\/wp-json\/wp\/v2\/media?parent=131729"}],"wp:term":[{"taxonomy":"category","embeddable":true,"href":"https:\/\/www.actualidadadiario.com\/index.php\/wp-json\/wp\/v2\/categories?post=131729"},{"taxonomy":"post_tag","embeddable":true,"href":"https:\/\/www.actualidadadiario.com\/index.php\/wp-json\/wp\/v2\/tags?post=131729"}],"curies":[{"name":"wp","href":"https:\/\/api.w.org\/{rel}","templated":true}]}}