{"id":131711,"date":"2025-08-14T09:46:44","date_gmt":"2025-08-14T12:46:44","guid":{"rendered":"https:\/\/www.actualidadadiario.com\/?p=131711"},"modified":"2025-08-14T09:46:44","modified_gmt":"2025-08-14T12:46:44","slug":"limitan-la-vacuna-gratuita-contra-la-fiebre-amarilla-a-zonas-endemicas","status":"publish","type":"post","link":"https:\/\/www.actualidadadiario.com\/index.php\/2025\/08\/14\/limitan-la-vacuna-gratuita-contra-la-fiebre-amarilla-a-zonas-endemicas\/","title":{"rendered":"Limitan la vacuna gratuita contra la fiebre amarilla a zonas end\u00e9micas"},"content":{"rendered":"<p style=\"text-align: center;\"><em><strong>A partir de ahora, la vacuna contra la fiebre amarilla ser\u00e1 gratuita solo en regiones con riesgo de transmisi\u00f3n, mientras que los viajeros al exterior deber\u00e1n pagarla en centros privados<\/strong><\/em><\/p>\n<p>&nbsp;<\/p>\n<p>&nbsp;<\/p>\n<p>El Ministerio de Salud de la Naci\u00f3n anunci\u00f3 una nueva disposici\u00f3n que restringe la aplicaci\u00f3n gratuita de la vacuna contra la fiebre amarilla exclusivamente a las zonas end\u00e9micas del pa\u00eds, como las provincias de Jujuy, Salta, Chaco, Formosa, Corrientes y Misiones.<\/p>\n<p>Esta medida, efectiva desde el 13 de agosto, implica que las personas que viajen al exterior por turismo deber\u00e1n costear la vacunaci\u00f3n en centros privados habilitados.<\/p>\n<p>La decisi\u00f3n, seg\u00fan el Ministerio, busca optimizar el uso de los recursos p\u00fablicos, priorizando la protecci\u00f3n de quienes residen o trabajan en \u00e1reas con riesgo comprobado de transmisi\u00f3n del virus.<\/p>\n<p>\u201cLa salud p\u00fablica debe proteger a quienes m\u00e1s lo necesitan, no ser un subsidio a quienes viajan al exterior\u201d, se\u00f1al\u00f3 el comunicado oficial. Se estima que esta medida permitir\u00e1 un ahorro de 697.566 d\u00f3lares al reducir en un 34% la compra de dosis, recursos que ser\u00e1n redirigidos a necesidades sanitarias prioritarias.<\/p>\n<p>La fiebre amarilla, una enfermedad viral transmitida por mosquitos, es end\u00e9mica en regiones tropicales de Am\u00e9rica y \u00c1frica. Una sola dosis de la vacuna, que es segura y eficaz, brinda protecci\u00f3n de por vida y es un requisito para ingresar a ciertos pa\u00edses.<\/p>\n<p>En Argentina, las zonas de riesgo incluyen \u00e1reas espec\u00edficas del norte del pa\u00eds, donde la vacunaci\u00f3n sigue siendo parte del Calendario Nacional para residentes y trabajadores expuestos.<\/p>\n<p>Los turnos ya asignados hasta la fecha se respetar\u00e1n, pero en las provincias no end\u00e9micas no se otorgar\u00e1n nuevos turnos en oficinas de sanidad de frontera. Las dosis remanentes quedar\u00e1n bajo la administraci\u00f3n de las jurisdicciones, y el Ministerio distribuir\u00e1 las faltantes entre septiembre y octubre de 2025.<\/p>\n<p>Para quienes planean viajar, se recomienda consultar con un profesional de la salud al menos 30 d\u00edas antes del viaje para evaluar la necesidad de vacunaci\u00f3n y tramitar el Certificado Internacional de Vacunaci\u00f3n, obligatorio en algunos destinos.<\/p>\n","protected":false},"excerpt":{"rendered":"<p>A partir de ahora, la vacuna contra la fiebre amarilla ser\u00e1 gratuita solo en regiones con riesgo de transmisi\u00f3n, mientras que los viajeros al exterior deber\u00e1n pagarla en centros privados &nbsp; &nbsp; El Ministerio de Salud de la Naci\u00f3n anunci\u00f3 una nueva disposici\u00f3n que restringe la aplicaci\u00f3n gratuita de la vacuna contra la fiebre amarilla exclusivamente a las zonas end\u00e9micas del pa\u00eds, como las provincias de Jujuy, Salta, Chaco, Formosa, Corrientes y Misiones. Esta medida, efectiva desde el 13 de agosto, implica que las personas que viajen al exterior por&#8230;<\/p>\n","protected":false},"author":3,"featured_media":131712,"comment_status":"closed","ping_status":"closed","sticky":false,"template":"","format":"standard","meta":[],"categories":[2],"tags":[],"_links":{"self":[{"href":"https:\/\/www.actualidadadiario.com\/index.php\/wp-json\/wp\/v2\/posts\/131711"}],"collection":[{"href":"https:\/\/www.actualidadadiario.com\/index.php\/wp-json\/wp\/v2\/posts"}],"about":[{"href":"https:\/\/www.actualidadadiario.com\/index.php\/wp-json\/wp\/v2\/types\/post"}],"author":[{"embeddable":true,"href":"https:\/\/www.actualidadadiario.com\/index.php\/wp-json\/wp\/v2\/users\/3"}],"replies":[{"embeddable":true,"href":"https:\/\/www.actualidadadiario.com\/index.php\/wp-json\/wp\/v2\/comments?post=131711"}],"version-history":[{"count":1,"href":"https:\/\/www.actualidadadiario.com\/index.php\/wp-json\/wp\/v2\/posts\/131711\/revisions"}],"predecessor-version":[{"id":131713,"href":"https:\/\/www.actualidadadiario.com\/index.php\/wp-json\/wp\/v2\/posts\/131711\/revisions\/131713"}],"wp:featuredmedia":[{"embeddable":true,"href":"https:\/\/www.actualidadadiario.com\/index.php\/wp-json\/wp\/v2\/media\/131712"}],"wp:attachment":[{"href":"https:\/\/www.actualidadadiario.com\/index.php\/wp-json\/wp\/v2\/media?parent=131711"}],"wp:term":[{"taxonomy":"category","embeddable":true,"href":"https:\/\/www.actualidadadiario.com\/index.php\/wp-json\/wp\/v2\/categories?post=131711"},{"taxonomy":"post_tag","embeddable":true,"href":"https:\/\/www.actualidadadiario.com\/index.php\/wp-json\/wp\/v2\/tags?post=131711"}],"curies":[{"name":"wp","href":"https:\/\/api.w.org\/{rel}","templated":true}]}}