{"id":131706,"date":"2025-08-14T09:24:04","date_gmt":"2025-08-14T12:24:04","guid":{"rendered":"https:\/\/www.actualidadadiario.com\/?p=131706"},"modified":"2025-08-14T09:24:04","modified_gmt":"2025-08-14T12:24:04","slug":"un-tramo-de-la-autovia-18-estara-habilitado-desde-este-jueves","status":"publish","type":"post","link":"https:\/\/www.actualidadadiario.com\/index.php\/2025\/08\/14\/un-tramo-de-la-autovia-18-estara-habilitado-desde-este-jueves\/","title":{"rendered":"Un tramo de la Autov\u00eda 18 estar\u00e1 habilitado desde este jueves"},"content":{"rendered":"<p style=\"text-align: center;\"><em><strong>Vialidad Nacional comunic\u00f3 la novedad en la autov\u00eda de la ruta nacional 18. Piden precauci\u00f3n a la hora de circular<\/strong><\/em><\/p>\n<p>&nbsp;<\/p>\n<p>&nbsp;<\/p>\n<p>Vialidad Nacional inform\u00f3 que &#8220;desde el jueves 14 de agosto, a partir de las 10 horas, quedar\u00e1 habilitado al tr\u00e1nsito en un tramo de aproximadamente 11 kil\u00f3metros de la autov\u00eda de la RN 18&#8221;.<\/p>\n<p>Es el comprendido &#8220;entre los puentes sobre el R\u00edo Gualeguay y el empalme con la Ruta Provincial 20, en el acceso a la ciudad de Villaguay&#8221;.<\/p>\n<p>&nbsp;<\/p>\n<p><strong>Autov\u00eda<\/strong><\/p>\n<p>Seg\u00fan se especific\u00f3 desde Vialidad Nacional, la construcci\u00f3n &#8220;de la autov\u00eda tiene como finalidad fortalecer el v\u00ednculo entre los centros log\u00edsticos del Litoral y los corredores productivos del centro y norte del pa\u00eds, reduciendo los tiempos y costos operativos, optimizando la circulaci\u00f3n y mejorando considerablemente la seguridad vial&#8221;.<\/p>\n<p>En ese contexto, se solicita &#8220;a los usuarios circular con precauci\u00f3n, respetar los sentidos de circulaci\u00f3n, enlaces, retornos, atendiendo al se\u00f1alamiento horizontal y vertical y las velocidades m\u00e1ximas indicadas&#8221;.<\/p>\n","protected":false},"excerpt":{"rendered":"<p>Vialidad Nacional comunic\u00f3 la novedad en la autov\u00eda de la ruta nacional 18. Piden precauci\u00f3n a la hora de circular &nbsp; &nbsp; Vialidad Nacional inform\u00f3 que &#8220;desde el jueves 14 de agosto, a partir de las 10 horas, quedar\u00e1 habilitado al tr\u00e1nsito en un tramo de aproximadamente 11 kil\u00f3metros de la autov\u00eda de la RN 18&#8221;. Es el comprendido &#8220;entre los puentes sobre el R\u00edo Gualeguay y el empalme con la Ruta Provincial 20, en el acceso a la ciudad de Villaguay&#8221;. &nbsp; Autov\u00eda Seg\u00fan se especific\u00f3 desde Vialidad Nacional,&#8230;<\/p>\n","protected":false},"author":3,"featured_media":131707,"comment_status":"closed","ping_status":"closed","sticky":false,"template":"","format":"standard","meta":[],"categories":[15],"tags":[],"_links":{"self":[{"href":"https:\/\/www.actualidadadiario.com\/index.php\/wp-json\/wp\/v2\/posts\/131706"}],"collection":[{"href":"https:\/\/www.actualidadadiario.com\/index.php\/wp-json\/wp\/v2\/posts"}],"about":[{"href":"https:\/\/www.actualidadadiario.com\/index.php\/wp-json\/wp\/v2\/types\/post"}],"author":[{"embeddable":true,"href":"https:\/\/www.actualidadadiario.com\/index.php\/wp-json\/wp\/v2\/users\/3"}],"replies":[{"embeddable":true,"href":"https:\/\/www.actualidadadiario.com\/index.php\/wp-json\/wp\/v2\/comments?post=131706"}],"version-history":[{"count":1,"href":"https:\/\/www.actualidadadiario.com\/index.php\/wp-json\/wp\/v2\/posts\/131706\/revisions"}],"predecessor-version":[{"id":131708,"href":"https:\/\/www.actualidadadiario.com\/index.php\/wp-json\/wp\/v2\/posts\/131706\/revisions\/131708"}],"wp:featuredmedia":[{"embeddable":true,"href":"https:\/\/www.actualidadadiario.com\/index.php\/wp-json\/wp\/v2\/media\/131707"}],"wp:attachment":[{"href":"https:\/\/www.actualidadadiario.com\/index.php\/wp-json\/wp\/v2\/media?parent=131706"}],"wp:term":[{"taxonomy":"category","embeddable":true,"href":"https:\/\/www.actualidadadiario.com\/index.php\/wp-json\/wp\/v2\/categories?post=131706"},{"taxonomy":"post_tag","embeddable":true,"href":"https:\/\/www.actualidadadiario.com\/index.php\/wp-json\/wp\/v2\/tags?post=131706"}],"curies":[{"name":"wp","href":"https:\/\/api.w.org\/{rel}","templated":true}]}}