{"id":131704,"date":"2025-08-14T09:22:53","date_gmt":"2025-08-14T12:22:53","guid":{"rendered":"https:\/\/www.actualidadadiario.com\/?p=131704"},"modified":"2025-08-14T09:22:53","modified_gmt":"2025-08-14T12:22:53","slug":"entre-rios-amanecio-helada-cuando-suben-las-temperaturas","status":"publish","type":"post","link":"https:\/\/www.actualidadadiario.com\/index.php\/2025\/08\/14\/entre-rios-amanecio-helada-cuando-suben-las-temperaturas\/","title":{"rendered":"Entre R\u00edos amaneci\u00f3 helada \u00bfcu\u00e1ndo suben las temperaturas?"},"content":{"rendered":"<p style=\"text-align: center;\"><em><strong>Este jueves y viernes se registrar\u00e1n los d\u00edas m\u00e1s fr\u00edos de la semana, tras la irrupci\u00f3n de un nuevo frente fr\u00edo. Pronto, cambiar\u00e1n las condiciones<\/strong><\/em><\/p>\n<p>&nbsp;<\/p>\n<p>&nbsp;<\/p>\n<p>El Servicio Meteorol\u00f3gico Nacional -SMN- informa que este jueves se registra uno de los d\u00edas m\u00e1s fr\u00edos de la semana en Entre R\u00edos. La temperatura m\u00ednima descendi\u00f3 hasta los 2 grados, con sensaciones t\u00e9rmicas inferiores. La m\u00e1xima alcanzar\u00e1 apenas los 15 grados.<\/p>\n<p>Se prev\u00e9 que este viernes tambi\u00e9n se registren heladas. Las temperaturas anunciadas para ma\u00f1ana podr\u00edan ser similares. En cuanto a las condiciones, tambi\u00e9n se informa que habr\u00e1 cielo despejado, con muy escasa nubosidad.<\/p>\n<p>Los valores t\u00e9rmicos comenzar\u00e1n a subir durante el fin de semana y el lunes. Volver\u00e1n la humedad y el calorcito en pleno invierno. Sin embargo, el tiempo comenzar\u00e1 a ponerse inestable.<\/p>\n<p>El pron\u00f3stico extendido anticipa eventuales precipitaciones d\u00e9biles para el s\u00e1bado y las mayores probabilidades de lluvias y tormentas aisladas para el lunes o martes.<\/p>\n<p>&nbsp;<\/p>\n<p><strong>Pron\u00f3stico para hoy<\/strong><\/p>\n<p>En Paran\u00e1, La Paz, Villaguay, Diamante y Nogoy\u00e1 la temperatura m\u00ednima fue de 3.8 grados, con una sensaci\u00f3n de 2.5 grados y la m\u00e1xima alcanzar\u00e1 los 15 grados. En la capital y alrededores se espera un cielo pr\u00e1cticamente despejado todo el d\u00eda.<\/p>\n<p>En Concordia, Federal, Feliciano, Federaci\u00f3n y San Salvador, en tanto, se indic\u00f3 una m\u00ednima de 4 grados, aunque la sensaci\u00f3n baj\u00f3 a 3.1 grados y se aguarda una m\u00e1xima tambi\u00e9n de 15 grados. En estas ciudades tambi\u00e9n se anuncia un cielo parcialmente nublado de ma\u00f1ana y despejado el resto del d\u00eda.<\/p>\n<p>En Gualeguaych\u00fa, Col\u00f3n, Uruguay, Tala e Islas, se espera una m\u00ednima de 2 grados y una m\u00e1xima de 14 grados. En estas localidades se prev\u00e9 cielo algo nublado de ma\u00f1ana y totalmente soleado luego.<\/p>\n<p>En Gualeguay y Victoria, se inform\u00f3 una m\u00ednima de 2 grados, con sensaci\u00f3n t\u00e9rmica de 0 grados y una m\u00e1xima esperada de 15 grados. El cielo estar\u00e1 mayormente soleado.<\/p>\n","protected":false},"excerpt":{"rendered":"<p>Este jueves y viernes se registrar\u00e1n los d\u00edas m\u00e1s fr\u00edos de la semana, tras la irrupci\u00f3n de un nuevo frente fr\u00edo. Pronto, cambiar\u00e1n las condiciones &nbsp; &nbsp; El Servicio Meteorol\u00f3gico Nacional -SMN- informa que este jueves se registra uno de los d\u00edas m\u00e1s fr\u00edos de la semana en Entre R\u00edos. La temperatura m\u00ednima descendi\u00f3 hasta los 2 grados, con sensaciones t\u00e9rmicas inferiores. La m\u00e1xima alcanzar\u00e1 apenas los 15 grados. Se prev\u00e9 que este viernes tambi\u00e9n se registren heladas. Las temperaturas anunciadas para ma\u00f1ana podr\u00edan ser similares. En cuanto a las&#8230;<\/p>\n","protected":false},"author":3,"featured_media":104202,"comment_status":"closed","ping_status":"closed","sticky":false,"template":"","format":"standard","meta":[],"categories":[15],"tags":[],"_links":{"self":[{"href":"https:\/\/www.actualidadadiario.com\/index.php\/wp-json\/wp\/v2\/posts\/131704"}],"collection":[{"href":"https:\/\/www.actualidadadiario.com\/index.php\/wp-json\/wp\/v2\/posts"}],"about":[{"href":"https:\/\/www.actualidadadiario.com\/index.php\/wp-json\/wp\/v2\/types\/post"}],"author":[{"embeddable":true,"href":"https:\/\/www.actualidadadiario.com\/index.php\/wp-json\/wp\/v2\/users\/3"}],"replies":[{"embeddable":true,"href":"https:\/\/www.actualidadadiario.com\/index.php\/wp-json\/wp\/v2\/comments?post=131704"}],"version-history":[{"count":1,"href":"https:\/\/www.actualidadadiario.com\/index.php\/wp-json\/wp\/v2\/posts\/131704\/revisions"}],"predecessor-version":[{"id":131705,"href":"https:\/\/www.actualidadadiario.com\/index.php\/wp-json\/wp\/v2\/posts\/131704\/revisions\/131705"}],"wp:featuredmedia":[{"embeddable":true,"href":"https:\/\/www.actualidadadiario.com\/index.php\/wp-json\/wp\/v2\/media\/104202"}],"wp:attachment":[{"href":"https:\/\/www.actualidadadiario.com\/index.php\/wp-json\/wp\/v2\/media?parent=131704"}],"wp:term":[{"taxonomy":"category","embeddable":true,"href":"https:\/\/www.actualidadadiario.com\/index.php\/wp-json\/wp\/v2\/categories?post=131704"},{"taxonomy":"post_tag","embeddable":true,"href":"https:\/\/www.actualidadadiario.com\/index.php\/wp-json\/wp\/v2\/tags?post=131704"}],"curies":[{"name":"wp","href":"https:\/\/api.w.org\/{rel}","templated":true}]}}