{"id":131702,"date":"2025-08-14T09:22:13","date_gmt":"2025-08-14T12:22:13","guid":{"rendered":"https:\/\/www.actualidadadiario.com\/?p=131702"},"modified":"2025-08-14T09:22:13","modified_gmt":"2025-08-14T12:22:13","slug":"concordia-una-cadena-de-supermercados-cerraria-una-sucursal-por-la-falta-de-ventas","status":"publish","type":"post","link":"https:\/\/www.actualidadadiario.com\/index.php\/2025\/08\/14\/concordia-una-cadena-de-supermercados-cerraria-una-sucursal-por-la-falta-de-ventas\/","title":{"rendered":"Concordia: una cadena de supermercados cerrar\u00eda una sucursal por la falta de ventas"},"content":{"rendered":"<p style=\"text-align: center;\"><em><strong>Advierten que las promociones y ofertas no alcanzan a revertir la baja del consumo y que est\u00e1n &#8220;cerrando n\u00fameros para tomar una decisi\u00f3n&#8221;<\/strong><\/em><\/p>\n<p>&nbsp;<\/p>\n<p>&nbsp;<\/p>\n<p>La presidenta de la C\u00e1mara de Autoservicios y Supermercados de Concordia, Laura Kobrinsky, habl\u00f3 sobre la grave situaci\u00f3n que atraviesa el consumo en la ciudad. Asegura que nunca se vivi\u00f3 una recesi\u00f3n de este tipo -ni siquiera en pandemia- y que en su cadena de comercios est\u00e1n analizando el cierre de una sucursal.<\/p>\n<p>\u201cVenimos sintiendo una fuerte falta de consumo, lo cual nos preocupa enormemente. El gasto fijo ha aumentado y las ventas no solo no crecen, sino que retroceden. Si esto no revierte pronto, posiblemente muchas empresas queden al margen\u201d, indic\u00f3 Kobrinsky.<\/p>\n<p>Y agreg\u00f3: \u201cVenimos resistiendo como podemos, pero la realidad es que si no hay dinero por m\u00e1s promociones que pienses nada es suficiente\u201d.<\/p>\n<p>La dirigente, titular de la firma de supermercados Modelo, apunt\u00f3 luego: \u201cEl cliente elige productos espec\u00edficos en virtud del d\u00eda y la forma de pago, fundamentalmente apuntando a las ofertas. Hay menos gente, menos compra y con productos con menor rentabilidad\u201d.<\/p>\n<p>En declaraciones al programa Cara y Ceca en radio UNER, adelant\u00f3 luego que desde la firma que preside analizan cerrar una de las siete sucursales que tiene en la localidad, si no hay un cambio de rumbo en el corto plazo: \u201cUno no quiere cerrar y dejar a nadie en calle, se hacen todos los intentos, pero estamos cerrando n\u00fameros para tomar una decisi\u00f3n. No vemos alguna posibilidad de revertir esto\u201d.<\/p>\n<p>\u201cLos productos est\u00e1n subiendo poco, incluso por debajo del \u00edndice de precios. Si hay incrementos, despu\u00e9s se bonifica. Pero el problema es que el dinero no alcanza\u201d, finaliz\u00f3 Kobrinsky.<\/p>\n","protected":false},"excerpt":{"rendered":"<p>Advierten que las promociones y ofertas no alcanzan a revertir la baja del consumo y que est\u00e1n &#8220;cerrando n\u00fameros para tomar una decisi\u00f3n&#8221; &nbsp; &nbsp; La presidenta de la C\u00e1mara de Autoservicios y Supermercados de Concordia, Laura Kobrinsky, habl\u00f3 sobre la grave situaci\u00f3n que atraviesa el consumo en la ciudad. Asegura que nunca se vivi\u00f3 una recesi\u00f3n de este tipo -ni siquiera en pandemia- y que en su cadena de comercios est\u00e1n analizando el cierre de una sucursal. \u201cVenimos sintiendo una fuerte falta de consumo, lo cual nos preocupa enormemente&#8230;.<\/p>\n","protected":false},"author":3,"featured_media":64199,"comment_status":"closed","ping_status":"closed","sticky":false,"template":"","format":"standard","meta":[],"categories":[15],"tags":[],"_links":{"self":[{"href":"https:\/\/www.actualidadadiario.com\/index.php\/wp-json\/wp\/v2\/posts\/131702"}],"collection":[{"href":"https:\/\/www.actualidadadiario.com\/index.php\/wp-json\/wp\/v2\/posts"}],"about":[{"href":"https:\/\/www.actualidadadiario.com\/index.php\/wp-json\/wp\/v2\/types\/post"}],"author":[{"embeddable":true,"href":"https:\/\/www.actualidadadiario.com\/index.php\/wp-json\/wp\/v2\/users\/3"}],"replies":[{"embeddable":true,"href":"https:\/\/www.actualidadadiario.com\/index.php\/wp-json\/wp\/v2\/comments?post=131702"}],"version-history":[{"count":1,"href":"https:\/\/www.actualidadadiario.com\/index.php\/wp-json\/wp\/v2\/posts\/131702\/revisions"}],"predecessor-version":[{"id":131703,"href":"https:\/\/www.actualidadadiario.com\/index.php\/wp-json\/wp\/v2\/posts\/131702\/revisions\/131703"}],"wp:featuredmedia":[{"embeddable":true,"href":"https:\/\/www.actualidadadiario.com\/index.php\/wp-json\/wp\/v2\/media\/64199"}],"wp:attachment":[{"href":"https:\/\/www.actualidadadiario.com\/index.php\/wp-json\/wp\/v2\/media?parent=131702"}],"wp:term":[{"taxonomy":"category","embeddable":true,"href":"https:\/\/www.actualidadadiario.com\/index.php\/wp-json\/wp\/v2\/categories?post=131702"},{"taxonomy":"post_tag","embeddable":true,"href":"https:\/\/www.actualidadadiario.com\/index.php\/wp-json\/wp\/v2\/tags?post=131702"}],"curies":[{"name":"wp","href":"https:\/\/api.w.org\/{rel}","templated":true}]}}