{"id":131699,"date":"2025-08-14T09:20:20","date_gmt":"2025-08-14T12:20:20","guid":{"rendered":"https:\/\/www.actualidadadiario.com\/?p=131699"},"modified":"2025-08-14T09:20:20","modified_gmt":"2025-08-14T12:20:20","slug":"senado-dictamen-favorable-al-proyecto-de-fomento-a-la-produccion-de-biocombustibles","status":"publish","type":"post","link":"https:\/\/www.actualidadadiario.com\/index.php\/2025\/08\/14\/senado-dictamen-favorable-al-proyecto-de-fomento-a-la-produccion-de-biocombustibles\/","title":{"rendered":"Senado: Dictamen favorable al proyecto de fomento a la producci\u00f3n de biocombustibles"},"content":{"rendered":"<p style=\"text-align: center;\"><em><strong>Las comisiones de Legislaci\u00f3n General y de Producci\u00f3n del Senado continuaron con el tratamiento del proyecto de ley que crea el marco legal, institucional y normativo que fomente la producci\u00f3n, autoconsumo, comercializaci\u00f3n y aprovechamiento integral de biocombustibles y energ\u00edas. Acordaron dar dictamen favorable a la iniciativa para que sea tratada en una pr\u00f3xima sesi\u00f3n<\/strong><\/em><\/p>\n<p>&nbsp;<\/p>\n<p>&nbsp;<\/p>\n<p>Este mi\u00e9rcoles en el Recinto de la C\u00e1mara de Senadores de Entre R\u00edos se realiz\u00f3 una reuni\u00f3n conjunta de las Comisiones de Legislaci\u00f3n General y de Producci\u00f3n, presididas por la senadora Nancy Miranda (Federal- M\u00e1s para Entre R\u00edos) y el senador Casiano Otaegui (Gualeguay- Juntos por Entre R\u00edos), respectivamente. El objetivo del encuentro fue avanzar en el tratamiento del proyecto de ley por el que se crea el marco legal, institucional y normativo que fomente la producci\u00f3n, autoconsumo, comercializaci\u00f3n y aprovechamiento integral de biocombustibles y energ\u00edas (Expediente N\u00b027.038).<\/p>\n<p>En esta oportunidad, se invit\u00f3 a Leonardo Nicolini, integrante de la C\u00e1mara de Empresas PYMEs Regionales Elaboradoras de Biocombustibles (CEPREB), una entidad que representa a productores de biocombustibles que abastecen al mercado local. Cabe mencionar que la semana pasada se hizo lo propio con miembros de la Federaci\u00f3n de C\u00e1maras de Extrusado y Biopymes de Argentina (Feceba) y de la C\u00e1mara de Biopymes de Entre R\u00edos (Cabioper).<\/p>\n<p>Durante la reuni\u00f3n conjunta se realiz\u00f3 un debate e intercambio de opiniones sobre la tem\u00e1tica. Nicolini realiz\u00f3 aportes al proyecto de ley, repas\u00f3 y desglos\u00f3 los art\u00edculos 1\u00ba, 4\u00ba, 6\u00ba, 7\u00ba, 10\u00ba, 11\u00ba y 12\u00ba de la iniciativa, especialmente, en lo referido a la autoridad de aplicaci\u00f3n y reglamentaci\u00f3n.<\/p>\n<p>Luego de la exposici\u00f3n, los senadores presentes acordaron dar dictamen favorable para que el proyecto sea tratado en una pr\u00f3xima sesi\u00f3n. La iniciativa pertenece al legislador provincial Juan Jos\u00e9 Bahillo y cuenta con la sanci\u00f3n de la C\u00e1mara de Diputados.<\/p>\n<p>Tras el encuentro, el senador Otaegui cont\u00f3: \u201cHoy continuamos con el trabajo en conjunto de las dos comisiones de Legislaci\u00f3n General y de Producci\u00f3n, donde tratamos el expediente que tiene media sanci\u00f3n de Diputados y que refiere a biocombustibles y bioenerg\u00eda. Hoy recibimos a uno de los representantes de las empresas productoras de biocombustibles para tener otra mirada, para completar todas las inquietudes\u201d, explic\u00f3 el legislador. Y adelant\u00f3: \u201cCreo que la semana que viene estaremos terminando de evaluar para dar el dictamen necesario y poder sancionar este proyecto de ley\u201d.<\/p>\n<p>Participaron del encuentro, las senadoras Nancy Miranda (Federal- M\u00e1s para Entre R\u00edos) y Gladys Dom\u00ednguez (Feliciano- Peronismo Federal); y los senadores Casiano Otaegui (Gualeguay- Juntos por Entre R\u00edos); Gustavo Vergara (Diamante- Juntos por Entre R\u00edos); Rafael Cavagna (Nogoy\u00e1- Juntos por Entre R\u00edos); Jaime Benedetti (Gualeguaych\u00fa- Juntos por Entre R\u00edos); Rub\u00e9n Dal Mol\u00edn (Federaci\u00f3n- Juntos por Entre R\u00edos); V\u00edctor Sanzberro (Victoria- M\u00e1s para Entre R\u00edos) y Marcelo Berthet (San Salvador- M\u00e1s para Entre R\u00edos).<\/p>\n","protected":false},"excerpt":{"rendered":"<p>Las comisiones de Legislaci\u00f3n General y de Producci\u00f3n del Senado continuaron con el tratamiento del proyecto de ley que crea el marco legal, institucional y normativo que fomente la producci\u00f3n, autoconsumo, comercializaci\u00f3n y aprovechamiento integral de biocombustibles y energ\u00edas. Acordaron dar dictamen favorable a la iniciativa para que sea tratada en una pr\u00f3xima sesi\u00f3n &nbsp; &nbsp; Este mi\u00e9rcoles en el Recinto de la C\u00e1mara de Senadores de Entre R\u00edos se realiz\u00f3 una reuni\u00f3n conjunta de las Comisiones de Legislaci\u00f3n General y de Producci\u00f3n, presididas por la senadora Nancy Miranda (Federal-&#8230;<\/p>\n","protected":false},"author":3,"featured_media":131700,"comment_status":"closed","ping_status":"closed","sticky":false,"template":"","format":"standard","meta":[],"categories":[15],"tags":[],"_links":{"self":[{"href":"https:\/\/www.actualidadadiario.com\/index.php\/wp-json\/wp\/v2\/posts\/131699"}],"collection":[{"href":"https:\/\/www.actualidadadiario.com\/index.php\/wp-json\/wp\/v2\/posts"}],"about":[{"href":"https:\/\/www.actualidadadiario.com\/index.php\/wp-json\/wp\/v2\/types\/post"}],"author":[{"embeddable":true,"href":"https:\/\/www.actualidadadiario.com\/index.php\/wp-json\/wp\/v2\/users\/3"}],"replies":[{"embeddable":true,"href":"https:\/\/www.actualidadadiario.com\/index.php\/wp-json\/wp\/v2\/comments?post=131699"}],"version-history":[{"count":1,"href":"https:\/\/www.actualidadadiario.com\/index.php\/wp-json\/wp\/v2\/posts\/131699\/revisions"}],"predecessor-version":[{"id":131701,"href":"https:\/\/www.actualidadadiario.com\/index.php\/wp-json\/wp\/v2\/posts\/131699\/revisions\/131701"}],"wp:featuredmedia":[{"embeddable":true,"href":"https:\/\/www.actualidadadiario.com\/index.php\/wp-json\/wp\/v2\/media\/131700"}],"wp:attachment":[{"href":"https:\/\/www.actualidadadiario.com\/index.php\/wp-json\/wp\/v2\/media?parent=131699"}],"wp:term":[{"taxonomy":"category","embeddable":true,"href":"https:\/\/www.actualidadadiario.com\/index.php\/wp-json\/wp\/v2\/categories?post=131699"},{"taxonomy":"post_tag","embeddable":true,"href":"https:\/\/www.actualidadadiario.com\/index.php\/wp-json\/wp\/v2\/tags?post=131699"}],"curies":[{"name":"wp","href":"https:\/\/api.w.org\/{rel}","templated":true}]}}