{"id":131696,"date":"2025-08-14T09:19:04","date_gmt":"2025-08-14T12:19:04","guid":{"rendered":"https:\/\/www.actualidadadiario.com\/?p=131696"},"modified":"2025-08-14T09:19:04","modified_gmt":"2025-08-14T12:19:04","slug":"diputados-dio-media-sancion-a-los-consorcios-camineros-rurales","status":"publish","type":"post","link":"https:\/\/www.actualidadadiario.com\/index.php\/2025\/08\/14\/diputados-dio-media-sancion-a-los-consorcios-camineros-rurales\/","title":{"rendered":"Diputados dio media sanci\u00f3n a los consorcios camineros rurales"},"content":{"rendered":"<p style=\"text-align: center;\"><em><strong>La C\u00e1mara de Diputados de Entre R\u00edos llev\u00f3 adelante este mi\u00e9rcoles la decimosegunda sesi\u00f3n ordinaria del 146\u00b0 periodo legislativo. En ese marco, aprob\u00f3 el proyecto de creaci\u00f3n del R\u00e9gimen de Consorcios Camineros Rurales. Adem\u00e1s rindi\u00f3 homenaje a personajes significativos de la provincia, entre ellas al cardenal Estanislao Esteban Karlic<\/strong><\/em><\/p>\n<p>&nbsp;<\/p>\n<p>&nbsp;<\/p>\n<p>En la sesi\u00f3n de este mi\u00e9rcoles se procedi\u00f3 al tratamiento del proyecto que establece la creaci\u00f3n del R\u00e9gimen de Consorcios Camineros Rurales, una iniciativa ampliamente discutida en el trabajo de comisi\u00f3n y que responde a una demanda de los sectores rurales que han sufrido las consecuencias de la intransitabilidad de la traza vial.<\/p>\n<p>La diputada Noelia Taborda, quien preside una de las comisiones que trabaj\u00f3 el proyecto, aclar\u00f3 que \u201csi bien no soluciona todos los problemas de los caminos rurales, s\u00ed es una herramienta para optimizar su mantenimiento, a trav\u00e9s de un trabajo conjunto entre el Estado, los productores, los vecinos de la zona, con controles y supervisi\u00f3n que aseguran la transparencia y el uso de los recursos\u201d.<\/p>\n<p>A su vez, la diputada Julia Calleros, autora de uno de los proyectos, se refiri\u00f3 al trabajo conjunto de las comisiones involucradas, en las que se profundiz\u00f3 la problem\u00e1tica con distintos interlocutores y se logr\u00f3 unificar con los proyectos presentados anteriormente por los legisladores con mandato cumplido N\u00e9stor Loggio y Esteban Vitor.\u201cEste proyecto forma parte de una pol\u00edtica integral, del compromiso del gobernador con quienes viven y trabajan en las zonas rurales\u201d remarc\u00f3, a la vez que se\u00f1al\u00f3 las ventajas que traer\u00e1 para la producci\u00f3n, la educaci\u00f3n, la salud, la seguridad de la gente de la ruralidad. El proyecto fue finalmente aprobado y remitido al Senado.<\/p>\n<p>&nbsp;<\/p>\n<p><strong>Inmueble de UNER y otros proyectos<\/strong><\/p>\n<p>Durante el debate en el recinto se trat\u00f3 la donaci\u00f3n de un inmueble a la Universidad Nacional de Entre R\u00edos, donde funciona la Facultad de Ciencias Econ\u00f3micas y la modificaci\u00f3n de la Ley N\u00b0 10853 de Mancomunidades entrerrianas; ambos proyectos fueron aprobados y remitidos a la C\u00e1mara de Senadores.<\/p>\n<p>Respecto de la ampliaci\u00f3n de la conformaci\u00f3n de las Mancomunidades, la diputada Mar\u00eda Elena Romero, que preside la comisi\u00f3n de Asuntos Municipales argument\u00f3 sus ventajas. \u201cEste cambio permitir\u00e1 un mayor desarrollo, integraci\u00f3n, y soluci\u00f3n a problemas comunes a varias localidades, como temas ambientales, grandes inversiones, consorcios camineros, etc. , ya que si bien el art\u00edculo 5 de la ley original ya lo mencionaba, esta modificaci\u00f3n hace a la transparencia,\u00a0 despeja toda duda de la participaci\u00f3n del gobierno provincial y sus entes descentralizados\u201d.<\/p>\n<p>La diputada Gabriela Lena aclar\u00f3 que \u201cno vulnera la autonom\u00eda municipal porque esta incorporaci\u00f3n del Ejecutivo es voluntaria y consensuada. Lo que va a permitir es optimizar el manejo de los recursos, evitar superposiciones, fortalecer la cooperaci\u00f3n y permitir atraer la inversi\u00f3n nacional e internacional\u201d.<\/p>\n<p>Luego se procedi\u00f3 al tratamiento del proyecto de ley remitido por el Poder Ejecutivo, que ratifica el decreto N\u00b0 4319 del 2023, que declara \u00e1rea natural protegida, en la modalidad \u201cReserva de usos m\u00faltiples\u201d al Establecimiento Les Amis, ubicado en el centro rural de poblaci\u00f3n de Enrique Carb\u00f3, Distrito Cuchilla Redonda, en el Departamento Gualeguaych\u00fa. Para explicar su importancia tom\u00f3 la palabra el diputado Juan Rossi, quien destac\u00f3 que &#8220;constituye un ejemplo de que en Entre R\u00edos se puede producir de modo sustentable y a la vez conservar el medio ambiente&#8221;, dijo. Este proyecto fue aprobado por unanimidad y remitido a Senadores.<\/p>\n<p>&nbsp;<\/p>\n<p><strong>Homenaje a Karlic<\/strong><\/p>\n<p>La decimosegunda sesi\u00f3n comenz\u00f3 con la presencia en el recinto el nuevo arzobispo de Paran\u00e1, Monse\u00f1or Ra\u00fal Mart\u00edn, quien concurri\u00f3 especialmente para participar del homenaje que se le realiz\u00f3 a quien fuera arzobispo de Paran\u00e1 entre 1986 y 2003, el Cardenal Estanislao Esteban Karlic. Te\u00f3logo, profesor y destacada personalidad a nivel nacional, Karlic falleci\u00f3 el pasado 8 de agosto y la C\u00e1mara de Diputados decidi\u00f3 realizarle un respetuoso homenaje, primero a trav\u00e9s de un video con conmovedoras im\u00e1genes y di\u00e1logos con el pastor entrerriano, y luego con las palabras del actual arzobispo de Paran\u00e1.<\/p>\n<p>Monse\u00f1or Mart\u00edn se dirigi\u00f3 a los legisladores, recordando palabras del Papa Francisco. \u201c\u00c9l dec\u00eda que siempre hay que anunciar el Evangelio, con la vida primero, y despu\u00e9s con la palabra, una expresi\u00f3n que sintetiza quien fue Karlic, unos de los argentinos m\u00e1s brillantes de este siglo. Su lema era servir, que es buscar el bien del otro, saber escuchar, como lo hizo \u00e9l, en tiempos muy dif\u00edciles de la Argentina, porque nunca podemos cansarnos de dialogar\u201dafirm\u00f3.<\/p>\n<p>Mart\u00edn destac\u00f3, entre innumerables tareas desempe\u00f1adas por Karlic, su labor pastoral en momentos muy dif\u00edciles para el pa\u00eds como fue la crisis del 2001, cuando encabez\u00f3 la representaci\u00f3n de la Iglesia en la Mesa del Di\u00e1logo Argentino, y como\u00a0 primer presidente de la Comisi\u00f3n Episcopal de Pastoral Universitaria, destacando su humildad, su lucidez y su solidaridad.\u00a0 Al finalizar, los legisladores Fabi\u00e1n Rogel, Mar\u00eda Elena Romero y Juan Jos\u00e9 Bahillo, tambi\u00e9n se refirieron a \u00e9l con entra\u00f1ables palabras, recordando distintos momentos en los que el sacerdote de origen croata fue clave, tanto en lo intelectual como en lo pastoral.<\/p>\n<p>Adem\u00e1s del mencionado a Monse\u00f1or Karlic, el legislador Fabi\u00e1n Rogel dedic\u00f3 su homenaje al destacado dirigente radical, periodista y abogado Mois\u00e9s Lebensohn, en un nuevo aniversario de su nacimiento. Por su parte, la diputada Gabriela Lena dedic\u00f3 emotivas palabras para los cient\u00edficos del CONICET y su reciente expedici\u00f3n submarina en el Ca\u00f1\u00f3n de Mar del Plata; Mar\u00eda Elena Romero hizo lo propio con los 120 a\u00f1os del Club Atl\u00e9tico de San Jos\u00e9 de Feliciano, fundado un 25 de agosto; Juan Jos\u00e9 Bahillo a los 125 a\u00f1os de la Cooperativa Lucienville de Basavilbaso, primera de su tipo en el pa\u00eds. El diputado L\u00e9nico Aranda comparti\u00f3 un video y se refiri\u00f3 al destacado m\u00e9dico de Diamante, Domingo Liotta y finalmente el diputado Roque Fleitas homenaje\u00f3 al Ej\u00e9rcito Argentino, remarcando su \u00faltima expedici\u00f3n a la cumbre del Himalaya el pasado 5 de agosto.<\/p>\n","protected":false},"excerpt":{"rendered":"<p>La C\u00e1mara de Diputados de Entre R\u00edos llev\u00f3 adelante este mi\u00e9rcoles la decimosegunda sesi\u00f3n ordinaria del 146\u00b0 periodo legislativo. En ese marco, aprob\u00f3 el proyecto de creaci\u00f3n del R\u00e9gimen de Consorcios Camineros Rurales. Adem\u00e1s rindi\u00f3 homenaje a personajes significativos de la provincia, entre ellas al cardenal Estanislao Esteban Karlic &nbsp; &nbsp; En la sesi\u00f3n de este mi\u00e9rcoles se procedi\u00f3 al tratamiento del proyecto que establece la creaci\u00f3n del R\u00e9gimen de Consorcios Camineros Rurales, una iniciativa ampliamente discutida en el trabajo de comisi\u00f3n y que responde a una demanda de los&#8230;<\/p>\n","protected":false},"author":3,"featured_media":131697,"comment_status":"closed","ping_status":"closed","sticky":false,"template":"","format":"standard","meta":[],"categories":[15],"tags":[],"_links":{"self":[{"href":"https:\/\/www.actualidadadiario.com\/index.php\/wp-json\/wp\/v2\/posts\/131696"}],"collection":[{"href":"https:\/\/www.actualidadadiario.com\/index.php\/wp-json\/wp\/v2\/posts"}],"about":[{"href":"https:\/\/www.actualidadadiario.com\/index.php\/wp-json\/wp\/v2\/types\/post"}],"author":[{"embeddable":true,"href":"https:\/\/www.actualidadadiario.com\/index.php\/wp-json\/wp\/v2\/users\/3"}],"replies":[{"embeddable":true,"href":"https:\/\/www.actualidadadiario.com\/index.php\/wp-json\/wp\/v2\/comments?post=131696"}],"version-history":[{"count":1,"href":"https:\/\/www.actualidadadiario.com\/index.php\/wp-json\/wp\/v2\/posts\/131696\/revisions"}],"predecessor-version":[{"id":131698,"href":"https:\/\/www.actualidadadiario.com\/index.php\/wp-json\/wp\/v2\/posts\/131696\/revisions\/131698"}],"wp:featuredmedia":[{"embeddable":true,"href":"https:\/\/www.actualidadadiario.com\/index.php\/wp-json\/wp\/v2\/media\/131697"}],"wp:attachment":[{"href":"https:\/\/www.actualidadadiario.com\/index.php\/wp-json\/wp\/v2\/media?parent=131696"}],"wp:term":[{"taxonomy":"category","embeddable":true,"href":"https:\/\/www.actualidadadiario.com\/index.php\/wp-json\/wp\/v2\/categories?post=131696"},{"taxonomy":"post_tag","embeddable":true,"href":"https:\/\/www.actualidadadiario.com\/index.php\/wp-json\/wp\/v2\/tags?post=131696"}],"curies":[{"name":"wp","href":"https:\/\/api.w.org\/{rel}","templated":true}]}}