{"id":131693,"date":"2025-08-14T09:16:48","date_gmt":"2025-08-14T12:16:48","guid":{"rendered":"https:\/\/www.actualidadadiario.com\/?p=131693"},"modified":"2025-08-14T09:16:48","modified_gmt":"2025-08-14T12:16:48","slug":"la-justicia-electoral-rechazo-la-impugnacion-contra-ahora-la-patria","status":"publish","type":"post","link":"https:\/\/www.actualidadadiario.com\/index.php\/2025\/08\/14\/la-justicia-electoral-rechazo-la-impugnacion-contra-ahora-la-patria\/","title":{"rendered":"La Justicia Electoral rechaz\u00f3 la impugnaci\u00f3n contra &#8220;Ahora La Patria&#8221;"},"content":{"rendered":"<p style=\"text-align: center;\"><em><strong>La Justicia Electoral de Entre R\u00edos rechaz\u00f3 la impugnaci\u00f3n impulsada por la conducci\u00f3n del PJ, con Guillermo Michel y Ad\u00e1n Bahl a la cabeza, y confirm\u00f3 la constituci\u00f3n de la alianza electoral \u201cAhora la Patria\u201d, encabezada por Carolina Gaillard y Paola Rubattino<\/strong><\/em><\/p>\n<p>&nbsp;<\/p>\n<p>&nbsp;<\/p>\n<p>El sector de Michel y Bahl, denominado &#8220;Fuerza Entre R\u00edos&#8221; y alineado a nivel nacional con &#8220;Fuerza Patria&#8221; hab\u00eda manifestado que la lista de Gaillard y Rubattino confund\u00eda al electorado por la elecci\u00f3n del nombre. Aseguraron que &#8220;tiende a la confusi\u00f3n ideol\u00f3gica y material, carece de buena fe en la elecci\u00f3n del nombre y solo tiene como objeto perjudicar el voto genuino del electorado&#8221;<\/p>\n<p>Pero el planteo no prosper\u00f3 ante el juez Federal con competencia electoral, Leandro Dami\u00e1n R\u00edos, quien este mi\u00e9rcoles dispuso \u201creconocer la constituci\u00f3n de la alianza electoral transitoria \u2018Ahora la Patria\u2019 en el distrito Entre R\u00edos, con derecho de uso exclusivo del nombre adoptado\u201d, integrada por el Movimiento por Todos y el Partido Frente Grande.<\/p>\n<p>De esta manera, queda firme la participaci\u00f3n electoral del frente que nuclea al campo nacional y progresista de la provincia, y que se presenta con la f\u00f3rmula Gaillard \u2013 Rubattino para el Senado y la C\u00e1mara de Diputados de la Naci\u00f3n.<\/p>\n<p>Carolina Gaillard, sostuvo: \u201cEste fallo ratifica que \u2018Ahora la Patria\u2019 es la voz que no especula ni se calla. Vamos a defender a Entre R\u00edos con firmeza, convicci\u00f3n y coherencia pol\u00edtica, con un Estado que cuide y abrace y no abandone a los entrerrianos y entrerrianas. La pol\u00edtica no puede ser una disputa de sellos, sino una herramienta para transformar la realidad y garantizar derechos. Ese es el compromiso que asumimos y que vamos a honrar en cada banca que conquistemos\u201d.<\/p>\n<p>En tanto, Paola Rubattino manifest\u00f3 que &#8220;la Justicia le dio la raz\u00f3n a nuestro frente y eso nos fortalece. Vamos a representar a cada entrerriano con compromiso real, defendiendo lo que nos pertenece y trabajando por una provincia m\u00e1s justa. Este fallo es tambi\u00e9n un mensaje claro: la voluntad de la gente de tener una alternativa firme y coherente no puede ser frenada con maniobras pol\u00edticas. Vamos a estar en cada territorio escuchando, proponiendo y poniendo por delante el bienestar de la provincia\u201d.<\/p>\n","protected":false},"excerpt":{"rendered":"<p>La Justicia Electoral de Entre R\u00edos rechaz\u00f3 la impugnaci\u00f3n impulsada por la conducci\u00f3n del PJ, con Guillermo Michel y Ad\u00e1n Bahl a la cabeza, y confirm\u00f3 la constituci\u00f3n de la alianza electoral \u201cAhora la Patria\u201d, encabezada por Carolina Gaillard y Paola Rubattino &nbsp; &nbsp; El sector de Michel y Bahl, denominado &#8220;Fuerza Entre R\u00edos&#8221; y alineado a nivel nacional con &#8220;Fuerza Patria&#8221; hab\u00eda manifestado que la lista de Gaillard y Rubattino confund\u00eda al electorado por la elecci\u00f3n del nombre. Aseguraron que &#8220;tiende a la confusi\u00f3n ideol\u00f3gica y material, carece de&#8230;<\/p>\n","protected":false},"author":3,"featured_media":131694,"comment_status":"closed","ping_status":"closed","sticky":false,"template":"","format":"standard","meta":[],"categories":[15],"tags":[],"_links":{"self":[{"href":"https:\/\/www.actualidadadiario.com\/index.php\/wp-json\/wp\/v2\/posts\/131693"}],"collection":[{"href":"https:\/\/www.actualidadadiario.com\/index.php\/wp-json\/wp\/v2\/posts"}],"about":[{"href":"https:\/\/www.actualidadadiario.com\/index.php\/wp-json\/wp\/v2\/types\/post"}],"author":[{"embeddable":true,"href":"https:\/\/www.actualidadadiario.com\/index.php\/wp-json\/wp\/v2\/users\/3"}],"replies":[{"embeddable":true,"href":"https:\/\/www.actualidadadiario.com\/index.php\/wp-json\/wp\/v2\/comments?post=131693"}],"version-history":[{"count":1,"href":"https:\/\/www.actualidadadiario.com\/index.php\/wp-json\/wp\/v2\/posts\/131693\/revisions"}],"predecessor-version":[{"id":131695,"href":"https:\/\/www.actualidadadiario.com\/index.php\/wp-json\/wp\/v2\/posts\/131693\/revisions\/131695"}],"wp:featuredmedia":[{"embeddable":true,"href":"https:\/\/www.actualidadadiario.com\/index.php\/wp-json\/wp\/v2\/media\/131694"}],"wp:attachment":[{"href":"https:\/\/www.actualidadadiario.com\/index.php\/wp-json\/wp\/v2\/media?parent=131693"}],"wp:term":[{"taxonomy":"category","embeddable":true,"href":"https:\/\/www.actualidadadiario.com\/index.php\/wp-json\/wp\/v2\/categories?post=131693"},{"taxonomy":"post_tag","embeddable":true,"href":"https:\/\/www.actualidadadiario.com\/index.php\/wp-json\/wp\/v2\/tags?post=131693"}],"curies":[{"name":"wp","href":"https:\/\/api.w.org\/{rel}","templated":true}]}}