{"id":131691,"date":"2025-08-14T09:13:56","date_gmt":"2025-08-14T12:13:56","guid":{"rendered":"https:\/\/www.actualidadadiario.com\/?p=131691"},"modified":"2025-08-14T09:13:56","modified_gmt":"2025-08-14T12:13:56","slug":"los-detalles-del-acuerdo-ucr-pro-y-lla","status":"publish","type":"post","link":"https:\/\/www.actualidadadiario.com\/index.php\/2025\/08\/14\/los-detalles-del-acuerdo-ucr-pro-y-lla\/","title":{"rendered":"Los detalles del acuerdo UCR, PRO y LLA"},"content":{"rendered":"<p style=\"text-align: center;\"><em><strong>La letra chica del nuevo frente revela un escenario te\u00f1ido de violeta. El pacto no solo establece el uso del \u00e1guila libertaria, sino tambi\u00e9n un desigual reparto de fondos. Adem\u00e1s, erige la figura de un funcionario del Gobierno de Frigerio como el &#8220;superapoderado&#8221; que tendr\u00e1 la lapicera para aprobar todas las candidaturas<\/strong><\/em><\/p>\n<p>&nbsp;<\/p>\n<p>&nbsp;<\/p>\n<p>El Acta Constituyente de la Alianza \u201cLa Libertad Avanza\u201d se firm\u00f3 el domingo 7 de agosto y participaron del encuentro representantes de los partidos que la componen: PRO (Valentina Gotte, Jorge Satto y Daniel Galizzi), UCR (Alicia Oviedo y Gustavo Cusinato), La Libertad Avanza (Roque Fleitas y Hern\u00e1n Viola), el Partido Movimiento Social Entrerriano (Miguel \u00c1ngel Heft y Gustavo Eduardo Doce) Partido Libertario (Gast\u00f3n Chanseaud y Lourdes Z\u00e1rate, entre otros) y el Partido Fe (Julia Calleros).<\/p>\n<p>&nbsp;<\/p>\n<p><strong>Todo violeta<\/strong><\/p>\n<p>El segundo punto del acta establece que la alianza se denominar\u00e1 \u201cAlianza La Libertad Avanza\u201d y utilizar\u00e1 nombre, s\u00edmbolos, emblemas y colores de La Libertad Avanza, es decir: todo ser\u00e1 violeta y figurar\u00e1 el \u00e1guila que representa a la fuerza del partido de Javier Milei.<\/p>\n<p>Lo que pone la UCR es el domicilio legal: San Mart\u00edn 543 de Paran\u00e1, donde tiene sede el Comit\u00e9 Provincial del centenario partido.<\/p>\n<p>La lista de apoderados se constituye con Daniel Alejandro Galizzi (PRO), Luciano Mart\u00edn Rotman (UCR) y Hern\u00e1n Alberto Viola (La Libertad Avanza), \u201cquienes est\u00e1n autorizados a presentar toda la documentaci\u00f3n para el reconocimiento de la Alianza como as\u00ed tambi\u00e9n para la\u00a0 realizaci\u00f3n de todos los tr\u00e1mites necesarios ante la Justicia Electoral y\/o cualquier otra autoridad\u201d.<\/p>\n<p>&nbsp;<\/p>\n<p><strong>El rey de los apoderados<\/strong><\/p>\n<p>Se les otorgan a los apoderados \u201camplias facultades para actuar en dicho marco y realizar objeciones a otras fuerzas,\u00a0 percibir los fondos y espacios de publicidad que correspondan y, en definitiva, realizar cuantos actos, gestiones, diligencias, etc\u201d.<\/p>\n<p>No obstante, uno de los tres apoderados parece tener m\u00e1s poder que el resto, ya que en el acta se aclara que \u201cla presentaci\u00f3n de las listas de los candidatos deber\u00e1 estar firmada y aprobada por el apoderado Daniel Alejandro Galizzi, como as\u00ed tambi\u00e9n la carga en el SPC (Sistema de Presentaci\u00f3n de Candidaturas) ser\u00e1 \u00fanicamente con un usuario exclusivo del nombrado\u201d.<\/p>\n<p>Galizzi es titular de la Direcci\u00f3n General de Asuntos Legales de la Secretar\u00eda General de la Gobernaci\u00f3n que conduce Mauricio Colello.<\/p>\n<p>&nbsp;<\/p>\n<p><strong>\u00bfQu\u00e9 pasa si un partido abandona el barco?<\/strong><\/p>\n<p>En el sexto punto del Acta se establece qu\u00e9 sucede si alguno de los partidos que integran la Alianza &#8220;La Libertad Avanza&#8221; se va o renuncia.<\/p>\n<p>Si eso ocurre, la Alianza sigue existiendo, siempre y cuando queden al menos dos partidos y uno de esos sea &#8220;La Libertad Avanza&#8221;.<\/p>\n<p>Tambi\u00e9n aclara que solo &#8220;La Libertad Avanza&#8221; puede usar el nombre, los logos y los s\u00edmbolos de la Alianza. Nadie m\u00e1s puede utilizarlos despu\u00e9s de las elecciones, a menos que &#8220;La Libertad Avanza&#8221; les d\u00e9 permiso expreso para hacerlo.<\/p>\n<p>&nbsp;<\/p>\n<p><strong>Integrantes de la Junta Electoral<\/strong><\/p>\n<p>La Junta Electoral de la Alianza est\u00e1 integrada por tres titulares y tres suplentes: Rub\u00e9n Sieber, Lucio Rotman y Armando Borini (titulares) y Emilio Ruffiner y Gustavo Doce (suplentes).<\/p>\n<p>&nbsp;<\/p>\n<p><strong>Fondos y recursos econ\u00f3micos<\/strong><\/p>\n<p>El punto 8 del acta aborda c\u00f3mo ser\u00e1 el manejo de los gastos de la campa\u00f1a electoral. Establece que los partidos que forman la Alianza acordaron que los gastos de la campa\u00f1a se financiar\u00e1n con los aportes\u00a0 p\u00fablicos y privados que reciba la Alianza.<\/p>\n<p>Tambi\u00e9n dispone c\u00f3mo se distribuir\u00e1 el dinero del fondo partidario permanente que les corresponda por las elecciones generales. El reparto es el siguiente, seg\u00fan consta en el Acta:<\/p>\n<ul>\n<li>Partido La Libertad Avanza: 50%<\/li>\n<li>Partido Uni\u00f3n C\u00edvica Radical: 25%<\/li>\n<li>Partido PRO &#8211; Propuesta Republicana: 20%<\/li>\n<li>Partido Movimiento Social Entrerriano: 1,66%<\/li>\n<li>Partido Fe: 1,66%<\/li>\n<li>Partido Libertario: 1,66%<\/li>\n<\/ul>\n<p>Finalmente, aclara que los aportes privados que se reciban se depositar\u00e1n en la cuenta de la Alianza y se usar\u00e1n para los gastos de campa\u00f1a. Si sobra dinero, se le dar\u00e1 el destino que corresponda por ley y, si es el caso, se repartir\u00e1 en la misma proporci\u00f3n antes establecida.<\/p>\n<p>&nbsp;<\/p>\n<p><strong>Incorporaciones<\/strong><\/p>\n<p>El acta tambi\u00e9n dispone que la Alianza podr\u00e1 convocar a candidatos extrapartidarios en un m\u00e1ximo de 50% para cada categor\u00eda de los cargos electivos.<\/p>\n<p>Tambi\u00e9n se\u00f1ala que se pueden incorporar otros partidos, pero que esto debe tener el aval de al menos dos apoderados de la Alianza<\/p>\n<p>&nbsp;<\/p>\n<p><strong>Responsables<\/strong><\/p>\n<p>El punto 11 del acta designa a los Responsables Econ\u00f3micos y Financieros de la Alianza:<\/p>\n<p>V\u00edctor Miguel Rodr\u00edguez y Cristian Dum\u00e9.<\/p>\n<p>Tambi\u00e9n a los Responsables Pol\u00edticos de la Campa\u00f1a: Roque Orlando Fleitas y Gustavo Ren\u00e9 Hein.<\/p>\n<p>Adem\u00e1s, al Responsable T\u00e9cnico de la Campa\u00f1a, que es Miguel Gustavo Lencina, y al Responsable Tecnol\u00f3gico: Jos\u00e9 Dopazo.<\/p>\n","protected":false},"excerpt":{"rendered":"<p>La letra chica del nuevo frente revela un escenario te\u00f1ido de violeta. El pacto no solo establece el uso del \u00e1guila libertaria, sino tambi\u00e9n un desigual reparto de fondos. Adem\u00e1s, erige la figura de un funcionario del Gobierno de Frigerio como el &#8220;superapoderado&#8221; que tendr\u00e1 la lapicera para aprobar todas las candidaturas &nbsp; &nbsp; El Acta Constituyente de la Alianza \u201cLa Libertad Avanza\u201d se firm\u00f3 el domingo 7 de agosto y participaron del encuentro representantes de los partidos que la componen: PRO (Valentina Gotte, Jorge Satto y Daniel Galizzi), UCR&#8230;<\/p>\n","protected":false},"author":3,"featured_media":131095,"comment_status":"closed","ping_status":"closed","sticky":false,"template":"","format":"standard","meta":[],"categories":[9],"tags":[],"_links":{"self":[{"href":"https:\/\/www.actualidadadiario.com\/index.php\/wp-json\/wp\/v2\/posts\/131691"}],"collection":[{"href":"https:\/\/www.actualidadadiario.com\/index.php\/wp-json\/wp\/v2\/posts"}],"about":[{"href":"https:\/\/www.actualidadadiario.com\/index.php\/wp-json\/wp\/v2\/types\/post"}],"author":[{"embeddable":true,"href":"https:\/\/www.actualidadadiario.com\/index.php\/wp-json\/wp\/v2\/users\/3"}],"replies":[{"embeddable":true,"href":"https:\/\/www.actualidadadiario.com\/index.php\/wp-json\/wp\/v2\/comments?post=131691"}],"version-history":[{"count":1,"href":"https:\/\/www.actualidadadiario.com\/index.php\/wp-json\/wp\/v2\/posts\/131691\/revisions"}],"predecessor-version":[{"id":131692,"href":"https:\/\/www.actualidadadiario.com\/index.php\/wp-json\/wp\/v2\/posts\/131691\/revisions\/131692"}],"wp:featuredmedia":[{"embeddable":true,"href":"https:\/\/www.actualidadadiario.com\/index.php\/wp-json\/wp\/v2\/media\/131095"}],"wp:attachment":[{"href":"https:\/\/www.actualidadadiario.com\/index.php\/wp-json\/wp\/v2\/media?parent=131691"}],"wp:term":[{"taxonomy":"category","embeddable":true,"href":"https:\/\/www.actualidadadiario.com\/index.php\/wp-json\/wp\/v2\/categories?post=131691"},{"taxonomy":"post_tag","embeddable":true,"href":"https:\/\/www.actualidadadiario.com\/index.php\/wp-json\/wp\/v2\/tags?post=131691"}],"curies":[{"name":"wp","href":"https:\/\/api.w.org\/{rel}","templated":true}]}}