{"id":131678,"date":"2025-08-13T11:20:28","date_gmt":"2025-08-13T14:20:28","guid":{"rendered":"https:\/\/www.actualidadadiario.com\/?p=131678"},"modified":"2025-08-13T11:20:28","modified_gmt":"2025-08-13T14:20:28","slug":"milei-reunio-a-diputados-propios-y-aliados-para-blindar-los-vetos","status":"publish","type":"post","link":"https:\/\/www.actualidadadiario.com\/index.php\/2025\/08\/13\/milei-reunio-a-diputados-propios-y-aliados-para-blindar-los-vetos\/","title":{"rendered":"Milei reuni\u00f3 a diputados propios y aliados para &#8220;blindar los vetos&#8221;"},"content":{"rendered":"<p style=\"text-align: center;\"><em><strong>El Presidente busca garantizar los 86 votos necesarios en Diputados para sostener su rechazo a las leyes impulsadas por la oposici\u00f3n. Participaron legisladores de La Libertad Avanza y del PRO<\/strong><\/em><\/p>\n<p>&nbsp;<\/p>\n<p>&nbsp;<\/p>\n<p>El presidente Javier Milei reuni\u00f3 este martes por la noche en la Quinta de Olivos a diputados de La Libertad Avanza (LLA) y bloques aliados, en una cumbre destinada a blindar los vetos a la ley de aumento de jubilaciones y a la emergencia en discapacidad.<\/p>\n<p>El encuentro se da en la previa de una semana clave, en la que la oposici\u00f3n intentar\u00e1 tratar en el recinto los rechazos presidenciales.<\/p>\n<p>&nbsp;<\/p>\n<p><strong>El desaf\u00edo en Diputados: llegar al n\u00famero clave<\/strong><\/p>\n<p>En la C\u00e1mara baja, el oficialismo necesita al menos 86 votos (un tercio del cuerpo) para que los vetos no sean revertidos. Con el bloque de LLA y el apoyo del PRO, suman 74 voluntades, por lo que Milei busca seducir a legisladores de provincias y monobloques para alcanzar la cifra.<\/p>\n<p>&#8220;Todos los diputados de LLA vamos a defender los vetos, es lo correcto. El que duda no deber\u00eda ser miembro de La Libertad Avanza&#8221;, afirm\u00f3 una fuente legislativa presente en la cena a la agencia Noticias Argentinas. Desde el Gobierno conf\u00edan en el acompa\u00f1amiento &#8220;incondicional&#8221; del PRO, incluso en votaciones pol\u00edticamente costosas.<\/p>\n<p>&nbsp;<\/p>\n<p><strong>Qui\u00e9nes participaron del encuentro<\/strong><\/p>\n<p>La reuni\u00f3n comenz\u00f3 a las 20:00 y cont\u00f3 con la presencia de:<\/p>\n<ul>\n<li>Cristian Ritondo (jefe de bloque PRO)<\/li>\n<li>Diego Santilli<\/li>\n<li>Sabrina Ajmechet<\/li>\n<li>Alejandro Finocchiaro<\/li>\n<li>Silvana Giudici<\/li>\n<li>Luciano Laspina<\/li>\n<li>Daiana Fern\u00e1ndez Molero<\/li>\n<li>Pablo Cervi (radical neuquino de la Liga del Interior)<\/li>\n<\/ul>\n<p>&nbsp;<\/p>\n<p><strong>Temas en agenda: ATN y caso $LIBRA<\/strong><\/p>\n<p>M\u00e1s all\u00e1 de los vetos, Milei y los legisladores abordaron otros puntos de tensi\u00f3n en el Congreso:<\/p>\n<ul>\n<li>Proyectos para coparticipar los Aportes del Tesoro Nacional (ATN) y el impuesto a los combustibles impulsados por gobernadores.<\/li>\n<li>Estrategia frente a la posible reactivaci\u00f3n de la comisi\u00f3n investigadora del caso $LIBRA.<\/li>\n<\/ul>\n","protected":false},"excerpt":{"rendered":"<p>El Presidente busca garantizar los 86 votos necesarios en Diputados para sostener su rechazo a las leyes impulsadas por la oposici\u00f3n. Participaron legisladores de La Libertad Avanza y del PRO &nbsp; &nbsp; El presidente Javier Milei reuni\u00f3 este martes por la noche en la Quinta de Olivos a diputados de La Libertad Avanza (LLA) y bloques aliados, en una cumbre destinada a blindar los vetos a la ley de aumento de jubilaciones y a la emergencia en discapacidad. El encuentro se da en la previa de una semana clave, en&#8230;<\/p>\n","protected":false},"author":3,"featured_media":131679,"comment_status":"closed","ping_status":"closed","sticky":false,"template":"","format":"standard","meta":[],"categories":[18],"tags":[],"_links":{"self":[{"href":"https:\/\/www.actualidadadiario.com\/index.php\/wp-json\/wp\/v2\/posts\/131678"}],"collection":[{"href":"https:\/\/www.actualidadadiario.com\/index.php\/wp-json\/wp\/v2\/posts"}],"about":[{"href":"https:\/\/www.actualidadadiario.com\/index.php\/wp-json\/wp\/v2\/types\/post"}],"author":[{"embeddable":true,"href":"https:\/\/www.actualidadadiario.com\/index.php\/wp-json\/wp\/v2\/users\/3"}],"replies":[{"embeddable":true,"href":"https:\/\/www.actualidadadiario.com\/index.php\/wp-json\/wp\/v2\/comments?post=131678"}],"version-history":[{"count":1,"href":"https:\/\/www.actualidadadiario.com\/index.php\/wp-json\/wp\/v2\/posts\/131678\/revisions"}],"predecessor-version":[{"id":131680,"href":"https:\/\/www.actualidadadiario.com\/index.php\/wp-json\/wp\/v2\/posts\/131678\/revisions\/131680"}],"wp:featuredmedia":[{"embeddable":true,"href":"https:\/\/www.actualidadadiario.com\/index.php\/wp-json\/wp\/v2\/media\/131679"}],"wp:attachment":[{"href":"https:\/\/www.actualidadadiario.com\/index.php\/wp-json\/wp\/v2\/media?parent=131678"}],"wp:term":[{"taxonomy":"category","embeddable":true,"href":"https:\/\/www.actualidadadiario.com\/index.php\/wp-json\/wp\/v2\/categories?post=131678"},{"taxonomy":"post_tag","embeddable":true,"href":"https:\/\/www.actualidadadiario.com\/index.php\/wp-json\/wp\/v2\/tags?post=131678"}],"curies":[{"name":"wp","href":"https:\/\/api.w.org\/{rel}","templated":true}]}}