{"id":131676,"date":"2025-08-13T11:11:21","date_gmt":"2025-08-13T14:11:21","guid":{"rendered":"https:\/\/www.actualidadadiario.com\/?p=131676"},"modified":"2025-08-13T11:11:21","modified_gmt":"2025-08-13T14:11:21","slug":"la-lista-del-pj-impugna-a-la-de-gaillard-objetan-el-nombre","status":"publish","type":"post","link":"https:\/\/www.actualidadadiario.com\/index.php\/2025\/08\/13\/la-lista-del-pj-impugna-a-la-de-gaillard-objetan-el-nombre\/","title":{"rendered":"La lista del PJ impugna a la de Gaillard: objetan el nombre"},"content":{"rendered":"<p style=\"text-align: center;\"><em><strong>Se afirma que \u201cAhora La Patria\u201d, el nombre de la lista del Frente Grande, el Partido Comunista, Nuevo Encuentro, La Corriente de la Militancia y el Movimiento por Todos de Entre R\u00edos genera confusi\u00f3n con \u201cFuerza Patria\u201d, lema que lleva el PJ lleva en 14 distritos y que en Entre R\u00edos se traduce como \u201cFuerza Entre R\u00edos\u201d. Desde el espacio de Gaillard y Rubattino preparan un escrito para rebatir los argumentos de la lista del PJ, de Bahl y Michel<\/strong><\/em><\/p>\n<p>&nbsp;<\/p>\n<p>&nbsp;<\/p>\n<p>La Lista \u201cFuerza Entre R\u00edos\u201d, que postula por el Partido Justicialista a Ad\u00e1n Bahl y a Guillermo Michel, impugn\u00f3 al espacio disidente que postula a Carolina Gaillard y a Paola Rubattino. Se objeta el nombre que utilizan para la alianza electoral del Frente Grande y el Movimiento Por Todos, \u201cAhora La Patria\u201d.<\/p>\n<p>En el escrito, presentado ante la Justicia Electoral por la apoderada Eliana Ramos, se afirma que ese lema \u201cgenera confusi\u00f3n\u201d en el electorado. Se asegura que es \u201ccarente de buena fe\u201d la elecci\u00f3n del nombre de la alianza del FG y el MPT que buscar\u00eda \u201cuna confusi\u00f3n ideol\u00f3gica y material\u201d con el fin de \u201cperjudicar el voto genuino del electorado\u201d, public\u00f3 P\u00e1gina Pol\u00edtica.<\/p>\n<p>Ramos argumenta que \u201cAhora La Patria\u2019, al coincidir en su concepto con \u201cFuerza Patria\u201d, causa confusi\u00f3n con la coalici\u00f3n en la que el Partido Justicialista es la columna vertebral. En este sentido, no s\u00f3lo se vulnera el principio de claridad electoral, sino que tambi\u00e9n se est\u00e1 intentando inducir al electorado a un error que desvirt\u00faa la expresi\u00f3n verdadera de su voluntad pol\u00edtica\u201d.<\/p>\n<p>Se afirma que \u201cFuerza Entre R\u00edos\u201d es la alianza del PJ con el Frente Entrerriano Federal (FEF) y el Partido del Trabajo y el Pueblo (PTP) y que tal decisi\u00f3n es en congruencia con la denominaci\u00f3n \u201cFuerza Patria\u201d utilizada a nivel nacional por el Partido Justicialista en 14 distritos, Salta, Catamarca, Neuqu\u00e9n, Tierra del Fuego, Chaco, Santiago del Estero, Misiones, Corrientes, C\u00f3rdoba, R\u00edo Negro, Santa Fe, Buenos Aires, Jujuy y Ciudad Aut\u00f3noma de Buenos Aires.<\/p>\n<p>\u201cEn todos estos casos el Partido Justicialista es el principal actor de dicha coalici\u00f3n\u201d, se apunt\u00f3. Se explic\u00f3 que \u201cen Entre R\u00edos, la denominaci\u00f3n \u2018Fuerza Entre R\u00edos\u2019 tiene un v\u00ednculo directo con el \u2018Fuerza Patria\u2019 a nivel nacional, representando a la misma corriente ideol\u00f3gica y pol\u00edtica, con la misma estructura organizativa y el mismo Partido Justicialista como columna vertebral\u201d, se remarca en el escrito presentado en sede judicial.<\/p>\n<p>Desde el espacio de Gaillard y Rubattino preparan un escrito para rebatir los argumentos de la lista del PJ, de Bahl y Michel.<\/p>\n","protected":false},"excerpt":{"rendered":"<p>Se afirma que \u201cAhora La Patria\u201d, el nombre de la lista del Frente Grande, el Partido Comunista, Nuevo Encuentro, La Corriente de la Militancia y el Movimiento por Todos de Entre R\u00edos genera confusi\u00f3n con \u201cFuerza Patria\u201d, lema que lleva el PJ lleva en 14 distritos y que en Entre R\u00edos se traduce como \u201cFuerza Entre R\u00edos\u201d. Desde el espacio de Gaillard y Rubattino preparan un escrito para rebatir los argumentos de la lista del PJ, de Bahl y Michel &nbsp; &nbsp; La Lista \u201cFuerza Entre R\u00edos\u201d, que postula por&#8230;<\/p>\n","protected":false},"author":3,"featured_media":131425,"comment_status":"closed","ping_status":"closed","sticky":false,"template":"","format":"standard","meta":[],"categories":[15],"tags":[],"_links":{"self":[{"href":"https:\/\/www.actualidadadiario.com\/index.php\/wp-json\/wp\/v2\/posts\/131676"}],"collection":[{"href":"https:\/\/www.actualidadadiario.com\/index.php\/wp-json\/wp\/v2\/posts"}],"about":[{"href":"https:\/\/www.actualidadadiario.com\/index.php\/wp-json\/wp\/v2\/types\/post"}],"author":[{"embeddable":true,"href":"https:\/\/www.actualidadadiario.com\/index.php\/wp-json\/wp\/v2\/users\/3"}],"replies":[{"embeddable":true,"href":"https:\/\/www.actualidadadiario.com\/index.php\/wp-json\/wp\/v2\/comments?post=131676"}],"version-history":[{"count":1,"href":"https:\/\/www.actualidadadiario.com\/index.php\/wp-json\/wp\/v2\/posts\/131676\/revisions"}],"predecessor-version":[{"id":131677,"href":"https:\/\/www.actualidadadiario.com\/index.php\/wp-json\/wp\/v2\/posts\/131676\/revisions\/131677"}],"wp:featuredmedia":[{"embeddable":true,"href":"https:\/\/www.actualidadadiario.com\/index.php\/wp-json\/wp\/v2\/media\/131425"}],"wp:attachment":[{"href":"https:\/\/www.actualidadadiario.com\/index.php\/wp-json\/wp\/v2\/media?parent=131676"}],"wp:term":[{"taxonomy":"category","embeddable":true,"href":"https:\/\/www.actualidadadiario.com\/index.php\/wp-json\/wp\/v2\/categories?post=131676"},{"taxonomy":"post_tag","embeddable":true,"href":"https:\/\/www.actualidadadiario.com\/index.php\/wp-json\/wp\/v2\/tags?post=131676"}],"curies":[{"name":"wp","href":"https:\/\/api.w.org\/{rel}","templated":true}]}}