{"id":131673,"date":"2025-08-13T11:09:37","date_gmt":"2025-08-13T14:09:37","guid":{"rendered":"https:\/\/www.actualidadadiario.com\/?p=131673"},"modified":"2025-08-13T11:09:37","modified_gmt":"2025-08-13T14:09:37","slug":"crisis-cerraron-46-locales-en-el-microcentro-de-parana","status":"publish","type":"post","link":"https:\/\/www.actualidadadiario.com\/index.php\/2025\/08\/13\/crisis-cerraron-46-locales-en-el-microcentro-de-parana\/","title":{"rendered":"Crisis: cerraron 46 locales en el microcentro de Paran\u00e1"},"content":{"rendered":"<p style=\"text-align: center;\"><em><strong>El relevamiento del Centro Comercial de Paran\u00e1 detect\u00f3 46 negocios cerrados en el microcentro. Marcelo Quiroga advirti\u00f3 que &#8220;la recesi\u00f3n, la carga impositiva y la competencia digital golpean con fuerza a las pymes&#8221;<\/strong><\/em><\/p>\n<p>&nbsp;<\/p>\n<p>&nbsp;<\/p>\n<p>El Centro Comercial e Industrial de Paran\u00e1 relev\u00f3 la situaci\u00f3n del microcentro y detect\u00f3 46 locales cerrados en el \u00e1rea comprendida entre las calles Carb\u00f3, Monte Caseros, Corrientes, Gardel, Buenos Aires y Pellegrini. Marcelo Quiroga, referente de la entidad, asegur\u00f3 que \u201chace much\u00edsimos a\u00f1os que no se ve\u00eda esto\u201d y advirti\u00f3 que el sector m\u00e1s afectado es el de indumentaria.<\/p>\n<p>Seg\u00fan explic\u00f3, la liberaci\u00f3n de importaciones y las compras a trav\u00e9s de plataformas digitales generan una competencia imposible de igualar para los comercios f\u00edsicos. \u201cTe llega ac\u00e1 en 10 o 15 d\u00edas, sin impuestos, a un valor del 30% de lo que cuesta en un comercio local. El comerciante tiene que afrontar alquileres, impuestos, sueldos y servicios, es imposible competir contra estas plataformas\u201d, afirm\u00f3.<\/p>\n<p>Quiroga se\u00f1al\u00f3 que \u201ctoda la actividad econ\u00f3mica est\u00e1 cayendo fuertemente en su productividad\u201d debido a una recesi\u00f3n que golpea al bolsillo de los trabajadores. En este contexto, los kioscos tambi\u00e9n se ven afectados. \u201cMuchos peque\u00f1os comerciantes no pueden sostener los altos costos fijos, sobre todo salarios y energ\u00eda. Es inviable siquiera pagar los servicios m\u00ednimos, alquiler y cargas impositivas\u201d, indic\u00f3.<\/p>\n<p>El dirigente record\u00f3 que, en Entre R\u00edos, los costos energ\u00e9ticos son especialmente altos para comercios que requieren equipos de refrigeraci\u00f3n. \u201cCualquier kiosco hoy tiene varios exhibidores y freezers, y eso encarece much\u00edsimo la factura de luz\u201d, sostuvo a El Once.<\/p>\n<p>Otro de los factores que inciden en la p\u00e9rdida de ventas, seg\u00fan Quiroga, es la competencia de cadenas de farmacias y supermercados que incorporan productos t\u00edpicos de kioscos. \u201cLa gente aprovecha y compra golosinas o bebidas en esos lugares, lo que genera una competencia desleal\u201d, se\u00f1al\u00f3.<\/p>\n<p>Estas grandes cadenas, agreg\u00f3, pueden ofrecer precios m\u00e1s bajos porque compran directamente a f\u00e1bricas, mientras que los kioscos se abastecen a trav\u00e9s de mayoristas. \u201cEs un esquema desigual que perjudica al comercio de barrio\u201d, lament\u00f3.<\/p>\n<p>&nbsp;<\/p>\n<p><strong>Ventas y rentabilidad en baja<\/strong><\/p>\n<p>En cuanto a las cifras, Quiroga cit\u00f3 un informe de la CAME que reporta una ca\u00edda interanual del 2% en las ventas y una baja del 5,7% entre julio y junio. \u201cSi bien hubo una suba interanual del 7,6% en las pymes, la inflaci\u00f3n fue del 39%, lo que hace inviable que el negocio sea rentable\u201d, subray\u00f3.<\/p>\n<p>Por \u00faltimo, el dirigente cuestion\u00f3 la falta de alivio tributario para las peque\u00f1as y medianas empresas. \u201cHay que sostener empleos y comercios pagando cargas impositivas, si no despu\u00e9s se vienen los intereses y embargos. La diaria, lamentablemente, no es positiva\u201d, concluy\u00f3.<\/p>\n","protected":false},"excerpt":{"rendered":"<p>El relevamiento del Centro Comercial de Paran\u00e1 detect\u00f3 46 negocios cerrados en el microcentro. Marcelo Quiroga advirti\u00f3 que &#8220;la recesi\u00f3n, la carga impositiva y la competencia digital golpean con fuerza a las pymes&#8221; &nbsp; &nbsp; El Centro Comercial e Industrial de Paran\u00e1 relev\u00f3 la situaci\u00f3n del microcentro y detect\u00f3 46 locales cerrados en el \u00e1rea comprendida entre las calles Carb\u00f3, Monte Caseros, Corrientes, Gardel, Buenos Aires y Pellegrini. Marcelo Quiroga, referente de la entidad, asegur\u00f3 que \u201chace much\u00edsimos a\u00f1os que no se ve\u00eda esto\u201d y advirti\u00f3 que el sector m\u00e1s&#8230;<\/p>\n","protected":false},"author":3,"featured_media":45960,"comment_status":"closed","ping_status":"closed","sticky":false,"template":"","format":"standard","meta":[],"categories":[9],"tags":[],"_links":{"self":[{"href":"https:\/\/www.actualidadadiario.com\/index.php\/wp-json\/wp\/v2\/posts\/131673"}],"collection":[{"href":"https:\/\/www.actualidadadiario.com\/index.php\/wp-json\/wp\/v2\/posts"}],"about":[{"href":"https:\/\/www.actualidadadiario.com\/index.php\/wp-json\/wp\/v2\/types\/post"}],"author":[{"embeddable":true,"href":"https:\/\/www.actualidadadiario.com\/index.php\/wp-json\/wp\/v2\/users\/3"}],"replies":[{"embeddable":true,"href":"https:\/\/www.actualidadadiario.com\/index.php\/wp-json\/wp\/v2\/comments?post=131673"}],"version-history":[{"count":2,"href":"https:\/\/www.actualidadadiario.com\/index.php\/wp-json\/wp\/v2\/posts\/131673\/revisions"}],"predecessor-version":[{"id":131675,"href":"https:\/\/www.actualidadadiario.com\/index.php\/wp-json\/wp\/v2\/posts\/131673\/revisions\/131675"}],"wp:featuredmedia":[{"embeddable":true,"href":"https:\/\/www.actualidadadiario.com\/index.php\/wp-json\/wp\/v2\/media\/45960"}],"wp:attachment":[{"href":"https:\/\/www.actualidadadiario.com\/index.php\/wp-json\/wp\/v2\/media?parent=131673"}],"wp:term":[{"taxonomy":"category","embeddable":true,"href":"https:\/\/www.actualidadadiario.com\/index.php\/wp-json\/wp\/v2\/categories?post=131673"},{"taxonomy":"post_tag","embeddable":true,"href":"https:\/\/www.actualidadadiario.com\/index.php\/wp-json\/wp\/v2\/tags?post=131673"}],"curies":[{"name":"wp","href":"https:\/\/api.w.org\/{rel}","templated":true}]}}