{"id":131671,"date":"2025-08-14T09:49:50","date_gmt":"2025-08-14T12:49:50","guid":{"rendered":"https:\/\/www.actualidadadiario.com\/?p=131671"},"modified":"2025-08-14T09:49:23","modified_gmt":"2025-08-14T12:49:23","slug":"fin-de-semana-largo-el-viernes-15-de-agosto-es-feriado-o-dia-no-laborable","status":"publish","type":"post","link":"https:\/\/www.actualidadadiario.com\/index.php\/2025\/08\/14\/fin-de-semana-largo-el-viernes-15-de-agosto-es-feriado-o-dia-no-laborable\/","title":{"rendered":"Fin de semana largo: \u00bfel viernes 15 de agosto es feriado o &#8220;d\u00eda no laborable&#8221;?"},"content":{"rendered":"<p style=\"text-align: center;\"><em><strong>Algunos argentinos podr\u00e1n gozar de un descanso extendido este fin de semana<\/strong><\/em><\/p>\n<p>&nbsp;<\/p>\n<p>&nbsp;<\/p>\n<p>En la antesala de un nuevo feriado, muchos argentinos ya se anticipan y se preguntan si podr\u00e1n o no disfrutar del fin de semana largo que se aproxima.<\/p>\n<p>El inminente feriado es el 17 de agosto, que este a\u00f1o cae domingo. Se conmemora un nuevo aniversario del Paso a la Inmortalidad del Gral. Jos\u00e9 de San Mart\u00edn y el Gobierno decidi\u00f3 no trasladarlo.<\/p>\n<p>El viernes 15, en tanto, fue declarado como \u201cd\u00eda no laborable con fines tur\u00edsticos\u201d, lo que genera dudas sobre qui\u00e9nes podr\u00e1n disfrutar de un descanso extendido.<\/p>\n<p>&nbsp;<\/p>\n<p><strong>Qu\u00e9 significa \u201cd\u00eda no laborable&#8221;<\/strong><\/p>\n<p>Este viernes 15 de agosto en realidad no es un feriado nacional, sino que es \u201cd\u00eda no laborable\u201d, es decir, optativo de acuerdo al sector laboral: el empleador puede elegir si trabaja o no, excepto para bancos, seguros y actividades afines.<\/p>\n<p>Trabajadores estatales y de la educaci\u00f3n, por caso, no trabajan este viernes 15 de agosto. Tampoco hay clases.<\/p>\n<p>Por lo tanto, para quienes no tengan que trabajar, ya que es una jornada no laborable, el fin de semana largo ser\u00e1 de tres d\u00edas.<\/p>\n<p>&nbsp;<\/p>\n<p><strong>\u201cD\u00eda no laborable\u201d: \u00bfse paga doble?<\/strong><\/p>\n<p>Los trabajadores que presten servicio ese d\u00eda percibir\u00e1n el salario simple, y en caso de optar por el d\u00eda no laborable, la jornada ser\u00e1 igualmente abonada.<\/p>\n<p>&nbsp;<\/p>\n<p><strong>Calendario de feriados 2025 en Argentina<\/strong><\/p>\n<ul>\n<li>Mi\u00e9rcoles 1 de enero: A\u00f1o Nuevo<\/li>\n<li>Lunes 3 y martes 4 de marzo: Carnaval<\/li>\n<li>Lunes 24 de marzo: D\u00eda Nacional de la Memoria por la Verdad y la Justicia.<\/li>\n<li>Mi\u00e9rcoles 2 de abril: D\u00eda del Veterano y de los Ca\u00eddos en la Guerra de Malvinas.<\/li>\n<li>Jueves 18 y viernes 19: Semana Santa.<\/li>\n<li>Jueves 1 de mayo: D\u00eda del Trabajador.<\/li>\n<li>Viernes 2 de mayo: D\u00eda no laborable con fines tur\u00edsticos.<\/li>\n<li>Domingo 25 de mayo: D\u00eda de la Revoluci\u00f3n de Mayo.<\/li>\n<li>Lunes 16 de junio: Paso a la Inmortalidad del Gral. Don Mart\u00edn Miguel de G\u00fcemes (trasladado del 17\/6).<\/li>\n<li>Viernes 20 de junio: Paso a la Inmortalidad del Gral. Manuel Belgrano.<\/li>\n<li>Mi\u00e9rcoles 9 de julio: D\u00eda de la independencia.<\/li>\n<li>Viernes 15 de agosto: D\u00eda no laborable con fines tur\u00edsticos.<\/li>\n<li>Lunes 17 de agosto: Paso a la Inmortalidad del Gral. Jos\u00e9 de San Mart\u00edn.<\/li>\n<li>Domingo 12 de octubre: D\u00eda del Respeto a la Diversidad Cultural.<\/li>\n<li>Viernes 21 de noviembre: D\u00eda no laborable con fines tur\u00edsticos.<\/li>\n<li>Lunes 24 de noviembre: D\u00eda de la Soberan\u00eda Nacional (trasladado del 20\/11).<\/li>\n<li>Lunes 8 de diciembre: Inmaculada Concepci\u00f3n de Mar\u00eda.<\/li>\n<li>Jueves 25 de diciembre: Navidad.<\/li>\n<\/ul>\n","protected":false},"excerpt":{"rendered":"<p>Algunos argentinos podr\u00e1n gozar de un descanso extendido este fin de semana &nbsp; &nbsp; En la antesala de un nuevo feriado, muchos argentinos ya se anticipan y se preguntan si podr\u00e1n o no disfrutar del fin de semana largo que se aproxima. El inminente feriado es el 17 de agosto, que este a\u00f1o cae domingo. Se conmemora un nuevo aniversario del Paso a la Inmortalidad del Gral. Jos\u00e9 de San Mart\u00edn y el Gobierno decidi\u00f3 no trasladarlo. El viernes 15, en tanto, fue declarado como \u201cd\u00eda no laborable con fines&#8230;<\/p>\n","protected":false},"author":3,"featured_media":122212,"comment_status":"closed","ping_status":"closed","sticky":false,"template":"","format":"standard","meta":[],"categories":[2],"tags":[],"_links":{"self":[{"href":"https:\/\/www.actualidadadiario.com\/index.php\/wp-json\/wp\/v2\/posts\/131671"}],"collection":[{"href":"https:\/\/www.actualidadadiario.com\/index.php\/wp-json\/wp\/v2\/posts"}],"about":[{"href":"https:\/\/www.actualidadadiario.com\/index.php\/wp-json\/wp\/v2\/types\/post"}],"author":[{"embeddable":true,"href":"https:\/\/www.actualidadadiario.com\/index.php\/wp-json\/wp\/v2\/users\/3"}],"replies":[{"embeddable":true,"href":"https:\/\/www.actualidadadiario.com\/index.php\/wp-json\/wp\/v2\/comments?post=131671"}],"version-history":[{"count":1,"href":"https:\/\/www.actualidadadiario.com\/index.php\/wp-json\/wp\/v2\/posts\/131671\/revisions"}],"predecessor-version":[{"id":131672,"href":"https:\/\/www.actualidadadiario.com\/index.php\/wp-json\/wp\/v2\/posts\/131671\/revisions\/131672"}],"wp:featuredmedia":[{"embeddable":true,"href":"https:\/\/www.actualidadadiario.com\/index.php\/wp-json\/wp\/v2\/media\/122212"}],"wp:attachment":[{"href":"https:\/\/www.actualidadadiario.com\/index.php\/wp-json\/wp\/v2\/media?parent=131671"}],"wp:term":[{"taxonomy":"category","embeddable":true,"href":"https:\/\/www.actualidadadiario.com\/index.php\/wp-json\/wp\/v2\/categories?post=131671"},{"taxonomy":"post_tag","embeddable":true,"href":"https:\/\/www.actualidadadiario.com\/index.php\/wp-json\/wp\/v2\/tags?post=131671"}],"curies":[{"name":"wp","href":"https:\/\/api.w.org\/{rel}","templated":true}]}}