{"id":131665,"date":"2025-08-13T09:51:17","date_gmt":"2025-08-13T12:51:17","guid":{"rendered":"https:\/\/www.actualidadadiario.com\/?p=131665"},"modified":"2025-08-13T09:51:17","modified_gmt":"2025-08-13T12:51:17","slug":"hoy-el-indec-publica-la-inflacion-de-julio-de-2025-y-se-alarga-la-idea-del-gobierno-de-perforar-el-1","status":"publish","type":"post","link":"https:\/\/www.actualidadadiario.com\/index.php\/2025\/08\/13\/hoy-el-indec-publica-la-inflacion-de-julio-de-2025-y-se-alarga-la-idea-del-gobierno-de-perforar-el-1\/","title":{"rendered":"Hoy el INDEC publica la inflaci\u00f3n de julio de 2025 y se alarga la idea del gobierno de perforar el 1%"},"content":{"rendered":"<p style=\"text-align: center;\"><em><strong>Las previsiones de los privados no ven un traslado fuerte del salto del d\u00f3lar a los precios, aunque el tipo de cambio subi\u00f3 13% en ese periodo. El IPC estar\u00eda aceler\u00e1ndose respecto de junio. Qu\u00e9 se espera en agosto<\/strong><\/em><\/p>\n<p>&nbsp;<\/p>\n<p>&nbsp;<\/p>\n<p>Este mi\u00e9rcoles 13 de agosto el Instituto Nacional de Estad\u00edsticas y Censos publicar\u00e1 a las 16 horas el dato de la inflaci\u00f3n nacional de julio, que seg\u00fan las previsiones de los privados se habr\u00eda acelerado respecto de junio para llegar a niveles cercanos del 2%. En julio se di\u00f3 el dato adicional de que el d\u00f3lar subi\u00f3 13%, sin embargo las consultoras no han detectado un paso fuerte del salto del tipo de cambio a la inflaci\u00f3n de ese mes. De todos modos, estar\u00e1 por encima del 1,6% que arroj\u00f3 el dato del costo de vida el pasado junio.<\/p>\n<p>Seg\u00fan algunos analistas de mercado, la Argentina tiene un nivel de &#8220;pass through&#8221; (traslado de aumento del tipo de cambio a d\u00f3lar) m\u00e1s alto que muchos otros pa\u00edses de la regi\u00f3n y del mundo, como consecuencia de la inestabilidad econ\u00f3mica que c\u00edclicamente detona crisis econ\u00f3micas. En entornos inflacionarios, el impacto del tipo de cambio suele ser m\u00e1s elevado, entonces lo que se busca es reducirlo.<\/p>\n<p>Respecto de la inflaci\u00f3n de julio, el mercado tambi\u00e9n hizo sus previsiones, y en el \u00faltimo Relevamiento de Expectativas de Mercado (REM) que publica el Banco Central y que recoge las proyecciones de consultoras y centros de investigaci\u00f3n de forma mensual, el costo de vida del s\u00e9ptimo mes del a\u00f1o se ubicar\u00eda en 1,8%.<\/p>\n<p>En sus proyecciones, el mercado tambi\u00e9n prev\u00e9 que va a pasar en agosto y estimaron un leve descenso al 1,7%, De esta manera, el proceso de desinflaci\u00f3n podr\u00eda entrar en una etapa de amesetamiento hasta diciembre.<\/p>\n<p>Seg\u00fan las estimaciones de los participantes la REM, la inflaci\u00f3n se mantendr\u00eda en torno al 1,7% mensual entre agosto y octubre. En noviembre se proyecta un leve alivio al disminuir a 1,5%, aunque en diciembre volver\u00eda a ubicarse en 1,7%. Para enero de 2026, el incremento previsto es del 1,6%.<\/p>\n<p>&nbsp;<\/p>\n<p><strong>Agosto con m\u00e1s aceleraci\u00f3n: se escapa el objetivo del 1% del gobierno<\/strong><\/p>\n<p>Para esta altura del a\u00f1o, el gobierno preve\u00eda estar en niveles del 1% o incluso perforando, pero los eventos de los \u00faltimos d\u00edas, con salto del d\u00f3lar, volatilidad del mercado, y un panorama pol\u00edtico convulsionado antes de las elecciones de medio t\u00e9rmino, parecen dar con tierra con este n\u00famero.<\/p>\n<p>Al respecto, el economista Dami\u00e1n Di Pace de Focus Market, se\u00f1al\u00f3: \u201cEl objetivo de perforar el 1% ya no est\u00e1\u201d, y apunt\u00f3 que el Ejecutivo apunta a una inflaci\u00f3n m\u00e1s estable, aunque algo mayor. \u201cVa a oscilar entre el 1,5% y 2% mensual en lo que queda del a\u00f1o\u201d, asegur\u00f3 en di\u00e1logo con Canal Econ\u00f3mico.<\/p>\n<p>Por caso, las mediciones de alta frecuencia de las consultoras registraron un salto en los precios de los alimentos en los primeros d\u00edas del mes corriente. El relevamiento de LCG arroj\u00f3 que en la primera semana de agosto los alimentos y bebidas relevados presentaron un sensible aumento de precios: 2%.<\/p>\n<p>En tanto, los consultores de Equilibra sostuvieron que el traslado a precios del salto cambiario viene siendo &#8220;acotado y heterog\u00e9neo&#8221;. De acuerdo a su sondeo, que contempla 130.000 precios y cubre el 85% del \u00cdndice de Precios al Consumidor (IPC) Nacional, los primeros siete d\u00edas del mes corriente exhibieron una inflaci\u00f3n semanal de 1%.<\/p>\n<p>Para los especialistas de EcoGo, la din\u00e1mica inflacionaria se ubicar\u00eda en 1,9% durante el octavo mes del a\u00f1o: &#8220;El salto del tipo de cambio no mostr\u00f3 un traspaso inmediato a precios (si bien este informe tiene como fecha de cierre el viernes 1\/08 y considera dichos datos, un an\u00e1lisis adicional sobre los precios efectuado hoy lunes tampoco muestra traslados pronunciados)&#8221;.<\/p>\n<p>&nbsp;<\/p>\n<p><strong>Las proyecciones de las consultoras privadas sobre la inflaci\u00f3n de julio 2025<\/strong><\/p>\n<p>&#8211; La consultora EcoGo, estim\u00f3 una inflaci\u00f3n de 1,7% para julio.<\/p>\n<p>&#8211; C&amp;T, indic\u00f3 que el costo de vida habr\u00eda subido el 1,9%. En julio pesaron sobre todo los rubros ligados al turismo, por las vacaciones de invierno, y una fuerte alza de precios en verdura.<\/p>\n<p>&#8211; La fundaci\u00f3n Libertad y Progreso, estim\u00f3 que la inflaci\u00f3n de julio fue del 1,9%, sobre todo por factores estacionales como vacaciones y aguinaldo, subas en precios regulados como combustibles y servicios p\u00fablicos, y eventos que incrementaron la incertidumbre, como el fallo negativo por la causa YPF.<\/p>\n<p>&#8211; Focus Market. \u201cLa inflaci\u00f3n en julio nos da 9%\u201d, asegur\u00f3 Dami\u00e1n Di Pace en di\u00e1logo con Canal E, aunque aclar\u00f3 que el promedio del mercado proyecta \u201cun 1,8% mensual\u201d, y advirti\u00f3: \u201cAgosto puede traer una breve aceleraci\u00f3n\u201d. Seg\u00fan el especialista, la desaceleraci\u00f3n registrada en alimentos en la \u00faltima semana se debi\u00f3 a la baja del tipo de cambio y al rechazo de listas de precios por parte del comercio minorista.<\/p>\n<p>&#8211; IPC Online, un proyecto digital que procesa m\u00e1s de 400.000 datos por mes, la inflaci\u00f3n se ubic\u00f3 en 1,67%, levemente por encima del registro oficial de junio. &#8220;La din\u00e1mica del mes mostr\u00f3 un comportamiento at\u00edpico, con variaciones intersemanales moderadas hasta la cuarta semana, cuando se produjo un aumento significativo en el rubro Alimentos y bebidas, que impact\u00f3 de forma determinante en el \u00edndice general&#8221;, dictamin\u00f3 el reporte.<\/p>\n<p>&#8211; Econom\u00e9trica anticip\u00f3 un alza de 1,6% para el mes pasado por el bajo pass-through, es decir, el traslado de la suba del d\u00f3lar oficial a los precios.<\/p>\n<p>&#8211; Analytica proyect\u00f3 una suba de 1,9% para el nivel general de precios. En la quinta semana de julio midieron una variaci\u00f3n semanal de 0,3% en alimentos y bebidas en GBA por lo que el promedio de cuatro semanas fue de 2,1%.<\/p>\n","protected":false},"excerpt":{"rendered":"<p>Las previsiones de los privados no ven un traslado fuerte del salto del d\u00f3lar a los precios, aunque el tipo de cambio subi\u00f3 13% en ese periodo. El IPC estar\u00eda aceler\u00e1ndose respecto de junio. Qu\u00e9 se espera en agosto &nbsp; &nbsp; Este mi\u00e9rcoles 13 de agosto el Instituto Nacional de Estad\u00edsticas y Censos publicar\u00e1 a las 16 horas el dato de la inflaci\u00f3n nacional de julio, que seg\u00fan las previsiones de los privados se habr\u00eda acelerado respecto de junio para llegar a niveles cercanos del 2%. En julio se di\u00f3&#8230;<\/p>\n","protected":false},"author":3,"featured_media":60213,"comment_status":"closed","ping_status":"closed","sticky":false,"template":"","format":"standard","meta":[],"categories":[2],"tags":[],"_links":{"self":[{"href":"https:\/\/www.actualidadadiario.com\/index.php\/wp-json\/wp\/v2\/posts\/131665"}],"collection":[{"href":"https:\/\/www.actualidadadiario.com\/index.php\/wp-json\/wp\/v2\/posts"}],"about":[{"href":"https:\/\/www.actualidadadiario.com\/index.php\/wp-json\/wp\/v2\/types\/post"}],"author":[{"embeddable":true,"href":"https:\/\/www.actualidadadiario.com\/index.php\/wp-json\/wp\/v2\/users\/3"}],"replies":[{"embeddable":true,"href":"https:\/\/www.actualidadadiario.com\/index.php\/wp-json\/wp\/v2\/comments?post=131665"}],"version-history":[{"count":1,"href":"https:\/\/www.actualidadadiario.com\/index.php\/wp-json\/wp\/v2\/posts\/131665\/revisions"}],"predecessor-version":[{"id":131666,"href":"https:\/\/www.actualidadadiario.com\/index.php\/wp-json\/wp\/v2\/posts\/131665\/revisions\/131666"}],"wp:featuredmedia":[{"embeddable":true,"href":"https:\/\/www.actualidadadiario.com\/index.php\/wp-json\/wp\/v2\/media\/60213"}],"wp:attachment":[{"href":"https:\/\/www.actualidadadiario.com\/index.php\/wp-json\/wp\/v2\/media?parent=131665"}],"wp:term":[{"taxonomy":"category","embeddable":true,"href":"https:\/\/www.actualidadadiario.com\/index.php\/wp-json\/wp\/v2\/categories?post=131665"},{"taxonomy":"post_tag","embeddable":true,"href":"https:\/\/www.actualidadadiario.com\/index.php\/wp-json\/wp\/v2\/tags?post=131665"}],"curies":[{"name":"wp","href":"https:\/\/api.w.org\/{rel}","templated":true}]}}