{"id":131655,"date":"2025-08-13T09:17:48","date_gmt":"2025-08-13T12:17:48","guid":{"rendered":"https:\/\/www.actualidadadiario.com\/?p=131655"},"modified":"2025-08-13T09:17:48","modified_gmt":"2025-08-13T12:17:48","slug":"anuncian-fuerte-viento-sur-y-baja-de-temperaturas","status":"publish","type":"post","link":"https:\/\/www.actualidadadiario.com\/index.php\/2025\/08\/13\/anuncian-fuerte-viento-sur-y-baja-de-temperaturas\/","title":{"rendered":"Anuncian fuerte viento sur y baja de temperaturas"},"content":{"rendered":"<p style=\"text-align: center;\"><em><strong>Anuncian un mi\u00e9rcoles con elevada nubosidad. Se vienen d\u00edas muy fr\u00edos en la provincia. Tras el fin de semana, pueden volver las inestabilidades<\/strong><\/em><\/p>\n<p>&nbsp;<\/p>\n<p>&nbsp;<\/p>\n<p>El Servicio Meteorol\u00f3gico Nacional -SMN- informa que tras algunos d\u00edas primaverales, se espera un fuerte descenso de temperaturas en Entre R\u00edos. El viento sur comenzar\u00e1 a llegar fuerte este mi\u00e9rcoles, con r\u00e1fagas de hasta 50 Km\/h.<\/p>\n<p>Meteor\u00f3logos indican que este jueves y viernes ser\u00e1n los d\u00edas m\u00e1s fr\u00edos de la semana. Las temperaturas m\u00ednimas llegar\u00e1n hasta 1 grado y se anuncian heladas. A partir del fin de semana repuntar\u00e1n las temperaturas.<\/p>\n<p>El pron\u00f3stico extendido anticipa que posiblemente el lunes y martes regresen las precipitaciones d\u00e9biles. Por el momento no es elevada la probabilidad pero s\u00ed se esperan inestabilidades.<\/p>\n<p>&nbsp;<\/p>\n<p><strong>Pron\u00f3stico para hoy<\/strong><\/p>\n<p>En Paran\u00e1, La Paz, Villaguay, Diamante y Nogoy\u00e1 la m\u00ednima fue de 7 grados y la m\u00e1xima alcanzar\u00e1 los 20 grados. En la capital y alrededores se espera una jornada con cielo mayormente nublado.<\/p>\n<p>En Concordia, Federal, Feliciano, Federaci\u00f3n y San Salvador, en tanto, se inform\u00f3 una m\u00ednima de 4 grados y una m\u00e1xima de 20 grados. All\u00ed tambi\u00e9n se prev\u00e9 un d\u00eda mayormente soleado.<\/p>\n<p>En Gualeguaych\u00fa, Col\u00f3n, Uruguay, Tala e Islas, se espera una m\u00ednima de 8 grados y una m\u00e1xima de 17 grados. Al igual que en las otras localidades, habr\u00e1 elevada nubosidad.<\/p>\n<p>Finalmente, en Victoria y Gualeguay anuncian 8 grados de m\u00ednima y 17 grados de m\u00e1xima, con cielo mayormente y parcialmente nublado.<\/p>\n","protected":false},"excerpt":{"rendered":"<p>Anuncian un mi\u00e9rcoles con elevada nubosidad. Se vienen d\u00edas muy fr\u00edos en la provincia. Tras el fin de semana, pueden volver las inestabilidades &nbsp; &nbsp; El Servicio Meteorol\u00f3gico Nacional -SMN- informa que tras algunos d\u00edas primaverales, se espera un fuerte descenso de temperaturas en Entre R\u00edos. El viento sur comenzar\u00e1 a llegar fuerte este mi\u00e9rcoles, con r\u00e1fagas de hasta 50 Km\/h. Meteor\u00f3logos indican que este jueves y viernes ser\u00e1n los d\u00edas m\u00e1s fr\u00edos de la semana. Las temperaturas m\u00ednimas llegar\u00e1n hasta 1 grado y se anuncian heladas. A partir del&#8230;<\/p>\n","protected":false},"author":3,"featured_media":130489,"comment_status":"closed","ping_status":"closed","sticky":false,"template":"","format":"standard","meta":[],"categories":[15],"tags":[],"_links":{"self":[{"href":"https:\/\/www.actualidadadiario.com\/index.php\/wp-json\/wp\/v2\/posts\/131655"}],"collection":[{"href":"https:\/\/www.actualidadadiario.com\/index.php\/wp-json\/wp\/v2\/posts"}],"about":[{"href":"https:\/\/www.actualidadadiario.com\/index.php\/wp-json\/wp\/v2\/types\/post"}],"author":[{"embeddable":true,"href":"https:\/\/www.actualidadadiario.com\/index.php\/wp-json\/wp\/v2\/users\/3"}],"replies":[{"embeddable":true,"href":"https:\/\/www.actualidadadiario.com\/index.php\/wp-json\/wp\/v2\/comments?post=131655"}],"version-history":[{"count":1,"href":"https:\/\/www.actualidadadiario.com\/index.php\/wp-json\/wp\/v2\/posts\/131655\/revisions"}],"predecessor-version":[{"id":131656,"href":"https:\/\/www.actualidadadiario.com\/index.php\/wp-json\/wp\/v2\/posts\/131655\/revisions\/131656"}],"wp:featuredmedia":[{"embeddable":true,"href":"https:\/\/www.actualidadadiario.com\/index.php\/wp-json\/wp\/v2\/media\/130489"}],"wp:attachment":[{"href":"https:\/\/www.actualidadadiario.com\/index.php\/wp-json\/wp\/v2\/media?parent=131655"}],"wp:term":[{"taxonomy":"category","embeddable":true,"href":"https:\/\/www.actualidadadiario.com\/index.php\/wp-json\/wp\/v2\/categories?post=131655"},{"taxonomy":"post_tag","embeddable":true,"href":"https:\/\/www.actualidadadiario.com\/index.php\/wp-json\/wp\/v2\/tags?post=131655"}],"curies":[{"name":"wp","href":"https:\/\/api.w.org\/{rel}","templated":true}]}}