{"id":131652,"date":"2025-08-13T09:17:09","date_gmt":"2025-08-13T12:17:09","guid":{"rendered":"https:\/\/www.actualidadadiario.com\/?p=131652"},"modified":"2025-08-13T09:17:09","modified_gmt":"2025-08-13T12:17:09","slug":"desde-entre-rios-cuestionan-que-la-eliminacion-de-las-retenciones-a-la-mineria-representa-una-burla-al-sector-productivo","status":"publish","type":"post","link":"https:\/\/www.actualidadadiario.com\/index.php\/2025\/08\/13\/desde-entre-rios-cuestionan-que-la-eliminacion-de-las-retenciones-a-la-mineria-representa-una-burla-al-sector-productivo\/","title":{"rendered":"Desde Entre R\u00edos cuestionan que \u201cla eliminaci\u00f3n de las retenciones a la miner\u00eda representa una burla al sector productivo\u201d"},"content":{"rendered":"<p style=\"text-align: center;\"><em><strong>La Federaci\u00f3n Agraria de Entre R\u00edos expres\u00f3 su malestar ante la decisi\u00f3n adoptada por la gesti\u00f3n de Javier Milei que beneficia a las empresas mineras con una retenci\u00f3n del 0% para sus exportaciones<\/strong><\/em><\/p>\n<p>&nbsp;<\/p>\n<p>&nbsp;<\/p>\n<p>La Federaci\u00f3n Agraria de Entre R\u00edos reunida el lunes, expres\u00f3 su molestia por la reciente eliminaci\u00f3n de las retenciones a la miner\u00eda, cuando el sector agropecuario se mantienen en nivel que para el cultivo de soja directamente representa asumir una pr\u00f3xima campa\u00f1a con un seguro quebranto.<\/p>\n<p>\u201cLa eliminaci\u00f3n de las retenciones a la miner\u00eda representa una burla al sector productivo\u201c, enfatiz\u00f3 la entidad presidida por Mat\u00edas Martiarena, a trav\u00e9s de un comunicado.<\/p>\n<p>Adem\u00e1s, la entidad volvi\u00f3 a manifestar su preocupaci\u00f3n por el desguace del INTA, que en Entre R\u00edos tiene una importante presencia en actividades sustantivas, en especial las econom\u00edas regionales, expresaron.<\/p>\n<p>Por otra parte, se avanz\u00f3 con un amplio debate sobre el esquema de arrendamientos rurales en la provincia, an\u00e1lisis que continuar\u00e1 sumando a distintos sectores que puedan aportar ideas para buscar soluciones reales a esta grave problem\u00e1tica para la mayor\u00eda de los peque\u00f1os y medianos agricultores, finalizaron.<\/p>\n","protected":false},"excerpt":{"rendered":"<p>La Federaci\u00f3n Agraria de Entre R\u00edos expres\u00f3 su malestar ante la decisi\u00f3n adoptada por la gesti\u00f3n de Javier Milei que beneficia a las empresas mineras con una retenci\u00f3n del 0% para sus exportaciones &nbsp; &nbsp; La Federaci\u00f3n Agraria de Entre R\u00edos reunida el lunes, expres\u00f3 su molestia por la reciente eliminaci\u00f3n de las retenciones a la miner\u00eda, cuando el sector agropecuario se mantienen en nivel que para el cultivo de soja directamente representa asumir una pr\u00f3xima campa\u00f1a con un seguro quebranto. \u201cLa eliminaci\u00f3n de las retenciones a la miner\u00eda representa&#8230;<\/p>\n","protected":false},"author":3,"featured_media":131653,"comment_status":"closed","ping_status":"closed","sticky":false,"template":"","format":"standard","meta":[],"categories":[15],"tags":[],"_links":{"self":[{"href":"https:\/\/www.actualidadadiario.com\/index.php\/wp-json\/wp\/v2\/posts\/131652"}],"collection":[{"href":"https:\/\/www.actualidadadiario.com\/index.php\/wp-json\/wp\/v2\/posts"}],"about":[{"href":"https:\/\/www.actualidadadiario.com\/index.php\/wp-json\/wp\/v2\/types\/post"}],"author":[{"embeddable":true,"href":"https:\/\/www.actualidadadiario.com\/index.php\/wp-json\/wp\/v2\/users\/3"}],"replies":[{"embeddable":true,"href":"https:\/\/www.actualidadadiario.com\/index.php\/wp-json\/wp\/v2\/comments?post=131652"}],"version-history":[{"count":1,"href":"https:\/\/www.actualidadadiario.com\/index.php\/wp-json\/wp\/v2\/posts\/131652\/revisions"}],"predecessor-version":[{"id":131654,"href":"https:\/\/www.actualidadadiario.com\/index.php\/wp-json\/wp\/v2\/posts\/131652\/revisions\/131654"}],"wp:featuredmedia":[{"embeddable":true,"href":"https:\/\/www.actualidadadiario.com\/index.php\/wp-json\/wp\/v2\/media\/131653"}],"wp:attachment":[{"href":"https:\/\/www.actualidadadiario.com\/index.php\/wp-json\/wp\/v2\/media?parent=131652"}],"wp:term":[{"taxonomy":"category","embeddable":true,"href":"https:\/\/www.actualidadadiario.com\/index.php\/wp-json\/wp\/v2\/categories?post=131652"},{"taxonomy":"post_tag","embeddable":true,"href":"https:\/\/www.actualidadadiario.com\/index.php\/wp-json\/wp\/v2\/tags?post=131652"}],"curies":[{"name":"wp","href":"https:\/\/api.w.org\/{rel}","templated":true}]}}