{"id":131642,"date":"2025-08-13T09:11:40","date_gmt":"2025-08-13T12:11:40","guid":{"rendered":"https:\/\/www.actualidadadiario.com\/?p=131642"},"modified":"2025-08-13T09:11:40","modified_gmt":"2025-08-13T12:11:40","slug":"aumento-la-cantidad-de-focos-de-incendios-en-parana-y-la-provincia-expertos-advierten-sobre-riesgos","status":"publish","type":"post","link":"https:\/\/www.actualidadadiario.com\/index.php\/2025\/08\/13\/aumento-la-cantidad-de-focos-de-incendios-en-parana-y-la-provincia-expertos-advierten-sobre-riesgos\/","title":{"rendered":"Aument\u00f3 la cantidad de focos de incendios en Paran\u00e1 y la provincia: expertos advierten sobre riesgos"},"content":{"rendered":"<p style=\"text-align: center;\"><em><strong>La temporada de incendios en Entre R\u00edos ya est\u00e1 en su punto m\u00e1s cr\u00edtico, con un aumento significativo de focos en Paran\u00e1 y la provincia. Especialistas alertan sobre la propagaci\u00f3n incontrolada<\/strong><\/em><\/p>\n<p>&nbsp;<\/p>\n<p>&nbsp;<\/p>\n<p>En la provincia de Entre R\u00edos, la llegada de la primavera ha tra\u00eddo consigo una proliferaci\u00f3n alarmante de incendios de pastizales, especialmente en las cercan\u00edas de la ciudad de Paran\u00e1. De acuerdo con los expertos, este aumento en la cantidad de focos responde a una combinaci\u00f3n de factores clim\u00e1ticos y humanos, lo que gener\u00f3 preocupaci\u00f3n entre los vecinos y las autoridades. Pablo Ace\u00f1olaza, responsable del Plan de Manejo del Fuego en la provincia, se\u00f1al\u00f3 que &#8220;normalmente, el 99, si no decir el 100% de los incendios en nuestra zona son incendios antr\u00f3picos, es decir, causados por el hombre&#8221;.<\/p>\n<p>Ace\u00f1olaza explic\u00f3 que las condiciones clim\u00e1ticas actuales son un factor clave para la propagaci\u00f3n de los incendios. &#8220;Estamos en un periodo cr\u00edtico del a\u00f1o, entre el invierno y la primavera, cuando la vegetaci\u00f3n, especialmente la herb\u00e1cea, ha sufrido heladas, est\u00e1 muerta y es muy propensa al fuego&#8221;. Esto ha llevado a una mayor frecuencia de focos de incendios que, en su mayor\u00eda, son provocados intencionalmente o por negligencia de quienes intentan limpiar terrenos.<\/p>\n<p>&nbsp;<\/p>\n<p><strong>Los peligros de las quemas incontroladas: cuando el fuego escapa de las manos<\/strong><\/p>\n<p>La principal preocupaci\u00f3n, seg\u00fan los especialistas, radica en las quemas incontroladas. Si bien muchos intentan eliminar la vegetaci\u00f3n seca mediante quemas controladas, estas pueden salirse de control r\u00e1pidamente y convertirse en incendios. Ace\u00f1olaza detall\u00f3 que &#8220;la diferencia entre una quema y un incendio es el grado de control. Cuando una quema se propaga y no se puede controlar, se convierte en un incendio, lo que puede generar situaciones mucho m\u00e1s graves&#8221;.<\/p>\n<p>Este tipo de incendios no solo amenaza la seguridad de las personas, sino tambi\u00e9n la infraestructura de la zona. En \u00e1reas suburbanas, las viviendas se encuentran a menudo en riesgo, ya que el fuego puede alcanzar cables el\u00e9ctricos, causando cortes de energ\u00eda y mayores costos para la comunidad. &#8220;Cuando se queman cables, la gente queda sin luz, y esto afecta a todos los ciudadanos, generando costos adicionales&#8221;, agreg\u00f3 Ace\u00f1olaza.<\/p>\n<p>&nbsp;<\/p>\n<p><strong>Recomendaciones y medidas preventivas para los vecinos<\/strong><\/p>\n<p>Para prevenir mayores desastres, las autoridades instan a la poblaci\u00f3n a no realizar quemas en \u00e1reas cercanas a viviendas. Ace\u00f1olaza recomend\u00f3 que quienes necesiten realizar quemas en terrenos no urbanos soliciten la autorizaci\u00f3n correspondiente a la Secretar\u00eda de Ambiente de la provincia, ya que las quemas sin permiso son ilegales y peligrosas.<\/p>\n<p>El experto tambi\u00e9n alert\u00f3 sobre el riesgo de incendios en zonas como los terrenos cercanos a Avenida Ej\u00e9rcito y Pablo Crausaz, donde la vegetaci\u00f3n invasora, como la ca\u00f1a de Castilla, se encuentra en su punto m\u00e1s cr\u00edtico. &#8220;Es una ca\u00f1a que tiene entre cuatro y cinco metros de altura y, en esta \u00e9poca, est\u00e1 muy seca, lo que la hace altamente susceptible al fuego&#8221;, explic\u00f3. Seg\u00fan el funcionario, los bomberos ya han intervenido en esta zona varias veces, debido a que la ca\u00f1a seca se propaga r\u00e1pidamente y pone en peligro las viviendas cercanas.<\/p>\n<p>&nbsp;<\/p>\n<p><strong>Una llamada a la responsabilidad y la prevenci\u00f3n<\/strong><\/p>\n<p>El llamado a la responsabilidad es claro. Ace\u00f1olaza concluy\u00f3 su intervenci\u00f3n destacando que, en estos tiempos de temperaturas elevadas y vegetaci\u00f3n seca, es fundamental que la comunidad est\u00e9 informada y tome medidas preventivas. &#8220;La propagaci\u00f3n de los incendios es algo que podemos evitar si actuamos con responsabilidad y conciencia&#8221;, finaliz\u00f3.<\/p>\n","protected":false},"excerpt":{"rendered":"<p>La temporada de incendios en Entre R\u00edos ya est\u00e1 en su punto m\u00e1s cr\u00edtico, con un aumento significativo de focos en Paran\u00e1 y la provincia. Especialistas alertan sobre la propagaci\u00f3n incontrolada &nbsp; &nbsp; En la provincia de Entre R\u00edos, la llegada de la primavera ha tra\u00eddo consigo una proliferaci\u00f3n alarmante de incendios de pastizales, especialmente en las cercan\u00edas de la ciudad de Paran\u00e1. De acuerdo con los expertos, este aumento en la cantidad de focos responde a una combinaci\u00f3n de factores clim\u00e1ticos y humanos, lo que gener\u00f3 preocupaci\u00f3n entre los&#8230;<\/p>\n","protected":false},"author":3,"featured_media":96751,"comment_status":"closed","ping_status":"closed","sticky":false,"template":"","format":"standard","meta":[],"categories":[15],"tags":[],"_links":{"self":[{"href":"https:\/\/www.actualidadadiario.com\/index.php\/wp-json\/wp\/v2\/posts\/131642"}],"collection":[{"href":"https:\/\/www.actualidadadiario.com\/index.php\/wp-json\/wp\/v2\/posts"}],"about":[{"href":"https:\/\/www.actualidadadiario.com\/index.php\/wp-json\/wp\/v2\/types\/post"}],"author":[{"embeddable":true,"href":"https:\/\/www.actualidadadiario.com\/index.php\/wp-json\/wp\/v2\/users\/3"}],"replies":[{"embeddable":true,"href":"https:\/\/www.actualidadadiario.com\/index.php\/wp-json\/wp\/v2\/comments?post=131642"}],"version-history":[{"count":1,"href":"https:\/\/www.actualidadadiario.com\/index.php\/wp-json\/wp\/v2\/posts\/131642\/revisions"}],"predecessor-version":[{"id":131643,"href":"https:\/\/www.actualidadadiario.com\/index.php\/wp-json\/wp\/v2\/posts\/131642\/revisions\/131643"}],"wp:featuredmedia":[{"embeddable":true,"href":"https:\/\/www.actualidadadiario.com\/index.php\/wp-json\/wp\/v2\/media\/96751"}],"wp:attachment":[{"href":"https:\/\/www.actualidadadiario.com\/index.php\/wp-json\/wp\/v2\/media?parent=131642"}],"wp:term":[{"taxonomy":"category","embeddable":true,"href":"https:\/\/www.actualidadadiario.com\/index.php\/wp-json\/wp\/v2\/categories?post=131642"},{"taxonomy":"post_tag","embeddable":true,"href":"https:\/\/www.actualidadadiario.com\/index.php\/wp-json\/wp\/v2\/tags?post=131642"}],"curies":[{"name":"wp","href":"https:\/\/api.w.org\/{rel}","templated":true}]}}