{"id":131630,"date":"2025-08-12T11:52:43","date_gmt":"2025-08-12T14:52:43","guid":{"rendered":"https:\/\/www.actualidadadiario.com\/?p=131630"},"modified":"2025-08-12T11:52:43","modified_gmt":"2025-08-12T14:52:43","slug":"pichetto-cuestiono-los-anuncios-del-gobierno-me-parece-que-ese-camino-es-equivocado","status":"publish","type":"post","link":"https:\/\/www.actualidadadiario.com\/index.php\/2025\/08\/12\/pichetto-cuestiono-los-anuncios-del-gobierno-me-parece-que-ese-camino-es-equivocado\/","title":{"rendered":"Pichetto cuestion\u00f3 los anuncios del Gobierno: &#8220;Me parece que ese camino es equivocado&#8221;"},"content":{"rendered":"<p style=\"text-align: center;\"><em><strong>El diputado plante\u00f3 que el Poder Ejecutivo debe tender puentes con la oposici\u00f3n y con el resto de los poderes del Estado<\/strong><\/em><\/p>\n<p>&nbsp;<\/p>\n<p>&nbsp;<\/p>\n<p>El diputado de Encuentro Federal Miguel \u00c1ngel Pichetto cuestion\u00f3 los anuncios que realiz\u00f3 el presidente Javier Milei para proteger el equilibrio fiscal y plante\u00f3 que el Poder Ejecutivo debe abrirse al di\u00e1logo con distintos sectores y actores de la sociedad.<\/p>\n<p>\u201cLo que vi en la cadena nacional es m\u00e1s un escenario de amenaza o de choque con el Congreso. Me parece que ese camino es equivocado\u201d, sentenci\u00f3 en declaraciones a Radio Rivadavia, luego de que el mandatario protagonizara el pasado viernes una cadena nacional un mensaje en el que reafirm\u00f3 la necesidad de priorizar el equilibrio fiscal para reducir la inflaci\u00f3n.<\/p>\n<p>En la misma l\u00ednea, Pichetto sum\u00f3: \u201cVamos a ver si despu\u00e9s de las elecciones el Gobierno se tranquiliza y abre un camino inteligente, de di\u00e1logo, de esquemas razonables, donde el componente de la discrecionalidad no sea el factor \u00fanico que rige las relaciones con el Congreso\u201d.<\/p>\n<p>\u201cMe pareci\u00f3 que tuvo un tono de amenaza. No lo vi positivo. Entiendo que el Presidente tambi\u00e9n est\u00e1 en campa\u00f1a electoral, pero me parece que en este escenario hay tambi\u00e9n algunas decisiones que son err\u00f3neas o equivocadas\u201d, asever\u00f3.<\/p>\n<p>Por su parte, el legislador rechaz\u00f3 la disoluci\u00f3n de la Direcci\u00f3n de Vialidad Nacional y destac\u00f3 que, durante la aprobaci\u00f3n de la Ley Bases y las facultades delegadas, el Congreso fij\u00f3 l\u00edmites para la labor del ministro de Desregulaci\u00f3n y Modernizaci\u00f3n del Estado, Federico Sturzenegger. \u201cPor ejemplo, el Inti, el Inta o el Banco Gen\u00e9tico no estaba dentro de los organismos que pod\u00edan ser disueltos o modificados\u201d, sentenci\u00f3.<\/p>\n<p>\u201cEl Poder Ejecutivo deb\u00eda informar al Congreso todos los meses los avances que se tomaron respecto al tema de las delegaciones. Nunca lo hizo\u201d, alert\u00f3 Pichetto y a\u00f1adi\u00f3: \u201cAdem\u00e1s el Congreso tiene atribuci\u00f3n de revisar si la delegaci\u00f3n que otorg\u00f3 la hizo dentro de los marcos razonables. Tiene que haber siempre un criterio de razonabilidad\u201d<\/p>\n<p>Asimismo, plante\u00f3 que la administraci\u00f3n libertaria deber\u00eda haber tendido puentes con gobernadores y haber entablado v\u00ednculos con la oposici\u00f3n para fortalecer la gobernabilidad rumbo al a\u00f1o 2027. Sin embargo, resalt\u00f3 que el Gobierno \u201cha optado por un camino de confrontaci\u00f3n, de agresi\u00f3n\u201d.<\/p>\n<p>\u201cParecer\u00eda que el Presidente va a dejar de insultar. Esto en la Argentina es una buena noticia. Parece razonable. Eso degrada la comunicaci\u00f3n\u201d, sostuvo luego de que el mandatario anticipara que moderar\u00eda sus discursos.<\/p>\n<p>En otro pasaje de la entrevista con el periodista Ignacio Ortelli, el diputado rechaz\u00f3 los vetos y el bloqueo en el Congreso como herramienta del Poder Ejecutivo, tras definirlos como \u201cuna precariedad incre\u00edble&#8221;, y plante\u00f3 que se debe emprender reformas de fondo. \u201cTen\u00e9s que armar y construir a trav\u00e9s del di\u00e1logo con los que piensan distinto acuerdos y consensos. \u00bfVos quer\u00e9s aumentar el n\u00famero de la Corte a 7? Bueno, ten\u00e9s que sentarte con la oposici\u00f3n\u201d, ejemplific\u00f3.<\/p>\n<p>Por su parte, de cara a los pr\u00f3ximos comicios, propuso consolidar un espacio de centro federal y productivo, que comprenda los intereses de las grandes provincias, y que refleje adem\u00e1s una propuesta \u201cfederal, republicana, capitalista, productiva\u201d.<\/p>\n<p>Pese a la determinaci\u00f3n, el legislador anticip\u00f3 que no ser\u00e1 candidato en las pr\u00f3ximas elecciones del 26 de octubre debido a que a\u00fan le quedan dos a\u00f1os de mandato.<\/p>\n<p>Por \u00faltimo, resalt\u00f3 que la oposici\u00f3n acompa\u00f1\u00f3 al Poder Ejecutivo en el Congreso, y remarc\u00f3 que a cambio solo hubo \u201cinsultos, agravios y agresi\u00f3n permanente\u201d. \u201cTiene que haber un marco de fortalecer la democracia, las instituciones, el Poder Ejecutivo, el Parlamento, el Poder Judicial\u201d, concluy\u00f3 Pichetto.<\/p>\n","protected":false},"excerpt":{"rendered":"<p>El diputado plante\u00f3 que el Poder Ejecutivo debe tender puentes con la oposici\u00f3n y con el resto de los poderes del Estado &nbsp; &nbsp; El diputado de Encuentro Federal Miguel \u00c1ngel Pichetto cuestion\u00f3 los anuncios que realiz\u00f3 el presidente Javier Milei para proteger el equilibrio fiscal y plante\u00f3 que el Poder Ejecutivo debe abrirse al di\u00e1logo con distintos sectores y actores de la sociedad. \u201cLo que vi en la cadena nacional es m\u00e1s un escenario de amenaza o de choque con el Congreso. Me parece que ese camino es equivocado\u201d,&#8230;<\/p>\n","protected":false},"author":3,"featured_media":130630,"comment_status":"closed","ping_status":"closed","sticky":false,"template":"","format":"standard","meta":[],"categories":[18],"tags":[],"_links":{"self":[{"href":"https:\/\/www.actualidadadiario.com\/index.php\/wp-json\/wp\/v2\/posts\/131630"}],"collection":[{"href":"https:\/\/www.actualidadadiario.com\/index.php\/wp-json\/wp\/v2\/posts"}],"about":[{"href":"https:\/\/www.actualidadadiario.com\/index.php\/wp-json\/wp\/v2\/types\/post"}],"author":[{"embeddable":true,"href":"https:\/\/www.actualidadadiario.com\/index.php\/wp-json\/wp\/v2\/users\/3"}],"replies":[{"embeddable":true,"href":"https:\/\/www.actualidadadiario.com\/index.php\/wp-json\/wp\/v2\/comments?post=131630"}],"version-history":[{"count":1,"href":"https:\/\/www.actualidadadiario.com\/index.php\/wp-json\/wp\/v2\/posts\/131630\/revisions"}],"predecessor-version":[{"id":131631,"href":"https:\/\/www.actualidadadiario.com\/index.php\/wp-json\/wp\/v2\/posts\/131630\/revisions\/131631"}],"wp:featuredmedia":[{"embeddable":true,"href":"https:\/\/www.actualidadadiario.com\/index.php\/wp-json\/wp\/v2\/media\/130630"}],"wp:attachment":[{"href":"https:\/\/www.actualidadadiario.com\/index.php\/wp-json\/wp\/v2\/media?parent=131630"}],"wp:term":[{"taxonomy":"category","embeddable":true,"href":"https:\/\/www.actualidadadiario.com\/index.php\/wp-json\/wp\/v2\/categories?post=131630"},{"taxonomy":"post_tag","embeddable":true,"href":"https:\/\/www.actualidadadiario.com\/index.php\/wp-json\/wp\/v2\/tags?post=131630"}],"curies":[{"name":"wp","href":"https:\/\/api.w.org\/{rel}","templated":true}]}}