{"id":131624,"date":"2025-08-12T11:51:11","date_gmt":"2025-08-12T14:51:11","guid":{"rendered":"https:\/\/www.actualidadadiario.com\/?p=131624"},"modified":"2025-08-12T11:51:11","modified_gmt":"2025-08-12T14:51:11","slug":"el-congreso-retoma-la-actividad-y-busca-destrabar-el-funcionamiento-de-la-comision-investigadora-del-caso-libra","status":"publish","type":"post","link":"https:\/\/www.actualidadadiario.com\/index.php\/2025\/08\/12\/el-congreso-retoma-la-actividad-y-busca-destrabar-el-funcionamiento-de-la-comision-investigadora-del-caso-libra\/","title":{"rendered":"El Congreso retoma la actividad y busca destrabar el funcionamiento de la comisi\u00f3n investigadora del caso $Libra"},"content":{"rendered":"<p style=\"text-align: center;\"><em><strong>Ser\u00e1 en el marco de un plenario de las comisiones de Asuntos Constitucionales y Peticiones Poderes y Reglamento de la C\u00e1mara de Diputados y luego del emplazamiento votado en el recinto por 137 bancas a favor. C\u00f3mo sigue la agenda<\/strong><\/em><\/p>\n<p>&nbsp;<\/p>\n<p>&nbsp;<\/p>\n<p>Pese a las amenazas del presidente Javier Milei, esta semana la oposici\u00f3n en el Congreso vuelve a la carga con agenda propia en las comisiones clave que preside el oficialismo. Tras la sesi\u00f3n de la semana pasada, que dej\u00f3 con doce derrotas legislativas a la Libertad Avanza, este martes la C\u00e1mara de Diputados avanzar\u00e1 con el emplazamiento de un proyecto que busca permitir que se destrabe la Comisi\u00f3n Investigadora sobre la criptomoneda $LIBRA.<\/p>\n<p>El encuentro de las comisiones de Asuntos Constitucionales, que preside el libertario Nicol\u00e1s Mayoraz, y de Peticiones, Poderes y Reglamento, que encabeza la diputada del Pro Silvia Lospennato, fue votado en el recinto y ser\u00e1 a las 17 horas. La votaci\u00f3n del emplazamiento consigui\u00f3 135 manos a favor, 70 en contra y 6 abstenciones.<\/p>\n<p>Desde la creaci\u00f3n de la comisi\u00f3n investigadora de la presunta estafa que involucra al presidente Milei y su hermana Karina, solamente se pudo llevar a adelante una reuni\u00f3n informativa con expositores que fue presidida por el secretario administrativo de la comisi\u00f3n, ya que la designaci\u00f3n del presidente de ese cuerpo es motivo de disputa por la propia integraci\u00f3n que arroja empate.<\/p>\n<p>&nbsp;<\/p>\n<p><strong>El resto de la agenda del Congreso<\/strong><\/p>\n<p>Por otro lado, el mi\u00e9rcoles, a las 10.30 se reunir\u00e1 un plenario de Acci\u00f3n Social y Salud P\u00fablica, comisi\u00f3n que encabeza el tucumano Pablo Yedlin, y la de Presupuesto y Hacienda, que preside Jos\u00e9 Luis Espert, para avanzar en el proyecto que crea el R\u00e9gimen de Promoci\u00f3n de la Salud Cerebral.<\/p>\n<p>Este proyecto impulsado por el diputado Facundo Manes cuenta ya con dictamen de la Comisi\u00f3n de Salud, y atiende la situaci\u00f3n mental de aquellas personas que padecen la enfermedad de Alzheimer y otras demencias. A trav\u00e9s de esta iniciativa se establece la creaci\u00f3n de un \u00abPrograma Nacional de Lucha contra la Enfermedad de Alzheimer y otras Demencias (PLEA)\u00bb, orientado fundamentalmente a la prevenci\u00f3n, la investigaci\u00f3n b\u00e1sica y aplicada, la detecci\u00f3n temprana, la atenci\u00f3n, tratamiento y cuidados adecuados de las personas con estas patolog\u00edas, as\u00ed como la asistencia y orientaci\u00f3n de los familiares convivientes y cuidadores de dichas personas.<\/p>\n<p>La cargada agenda, en la antesala al cierre de listas y el feriado largo del 17 de agosto,\u00a0 continuar\u00e1 al mediod\u00eda con una reuni\u00f3n de la Comisi\u00f3n de Presupuesto y Hacienda solamente para cumplir con el emplazamiento correspondiente a la modificaci\u00f3n de la Ley 11.672, complementaria permanente de Presupuesto, que es una de las iniciativas impulsadas por los gobernadores y en este caso tiene que ver con el reparto de ATN.<\/p>\n<p>A las 14, ser\u00e1 el turno de las comisiones de Ciencia, Tecnolog\u00eda e Innovaci\u00f3n Productiva, que encabeza Daniel Goll\u00e1n (UP) y la de Presupuesto, a fin de tratar un proyecto de ley que busca declarar la emergencia del sector cient\u00edfico. Se trata de un tema que tiene dictamen de la primera comisi\u00f3n citada desde hace m\u00e1s de un a\u00f1o.<\/p>\n<p>Finalmente, a las 16 se reunir\u00e1n las comisiones de Presupuesto y Hacienda, y de Energ\u00eda y Combustibles, que preside la libertaria rionegrina Lorena Villaverde, a fin de tratar una iniciativa referida al impuesto a los combustibles, que establece la eliminaci\u00f3n de cinco fideicomisos y fondos nacionales, al tiempo que indica que \u201clos recursos asignados a estos fideicomisos y fondos nacionales, excepto los previstos en el Impuesto a los Combustibles L\u00edquidos -Ley 23.966-, a partir de la vigencia de la ley ser\u00e1n distribuidos\u201d de conformidad con los art\u00edculos 3 y 4 de la Ley de Coparticipaci\u00f3n Federal.<\/p>\n","protected":false},"excerpt":{"rendered":"<p>Ser\u00e1 en el marco de un plenario de las comisiones de Asuntos Constitucionales y Peticiones Poderes y Reglamento de la C\u00e1mara de Diputados y luego del emplazamiento votado en el recinto por 137 bancas a favor. C\u00f3mo sigue la agenda &nbsp; &nbsp; Pese a las amenazas del presidente Javier Milei, esta semana la oposici\u00f3n en el Congreso vuelve a la carga con agenda propia en las comisiones clave que preside el oficialismo. Tras la sesi\u00f3n de la semana pasada, que dej\u00f3 con doce derrotas legislativas a la Libertad Avanza, este&#8230;<\/p>\n","protected":false},"author":3,"featured_media":131625,"comment_status":"closed","ping_status":"closed","sticky":false,"template":"","format":"standard","meta":[],"categories":[18],"tags":[],"_links":{"self":[{"href":"https:\/\/www.actualidadadiario.com\/index.php\/wp-json\/wp\/v2\/posts\/131624"}],"collection":[{"href":"https:\/\/www.actualidadadiario.com\/index.php\/wp-json\/wp\/v2\/posts"}],"about":[{"href":"https:\/\/www.actualidadadiario.com\/index.php\/wp-json\/wp\/v2\/types\/post"}],"author":[{"embeddable":true,"href":"https:\/\/www.actualidadadiario.com\/index.php\/wp-json\/wp\/v2\/users\/3"}],"replies":[{"embeddable":true,"href":"https:\/\/www.actualidadadiario.com\/index.php\/wp-json\/wp\/v2\/comments?post=131624"}],"version-history":[{"count":1,"href":"https:\/\/www.actualidadadiario.com\/index.php\/wp-json\/wp\/v2\/posts\/131624\/revisions"}],"predecessor-version":[{"id":131626,"href":"https:\/\/www.actualidadadiario.com\/index.php\/wp-json\/wp\/v2\/posts\/131624\/revisions\/131626"}],"wp:featuredmedia":[{"embeddable":true,"href":"https:\/\/www.actualidadadiario.com\/index.php\/wp-json\/wp\/v2\/media\/131625"}],"wp:attachment":[{"href":"https:\/\/www.actualidadadiario.com\/index.php\/wp-json\/wp\/v2\/media?parent=131624"}],"wp:term":[{"taxonomy":"category","embeddable":true,"href":"https:\/\/www.actualidadadiario.com\/index.php\/wp-json\/wp\/v2\/categories?post=131624"},{"taxonomy":"post_tag","embeddable":true,"href":"https:\/\/www.actualidadadiario.com\/index.php\/wp-json\/wp\/v2\/tags?post=131624"}],"curies":[{"name":"wp","href":"https:\/\/api.w.org\/{rel}","templated":true}]}}