{"id":131620,"date":"2025-08-12T11:49:12","date_gmt":"2025-08-12T14:49:12","guid":{"rendered":"https:\/\/www.actualidadadiario.com\/?p=131620"},"modified":"2025-08-12T11:49:12","modified_gmt":"2025-08-12T14:49:12","slug":"la-privatizacion-de-trenes-argentinos-sigue-su-curso-pese-a-la-inversion-del-gobierno","status":"publish","type":"post","link":"https:\/\/www.actualidadadiario.com\/index.php\/2025\/08\/12\/la-privatizacion-de-trenes-argentinos-sigue-su-curso-pese-a-la-inversion-del-gobierno\/","title":{"rendered":"La privatizaci\u00f3n de Trenes Argentinos sigue su curso, pese a la inversi\u00f3n del Gobierno"},"content":{"rendered":"<p style=\"text-align: center;\"><em><strong>La Secretar\u00eda de Transporte asegur\u00f3 que las obras buscan generar atractivos para las inversiones privadas, tras declarar la emergencia ferroviaria declarada en 2024<\/strong><\/em><\/p>\n<p>&nbsp;<\/p>\n<p>&nbsp;<\/p>\n<p>El Gobierno asegur\u00f3 que el proceso de privatizaci\u00f3n de la entidad \u201cno se detiene\u201d, luego de confirmar la inversi\u00f3n de m\u00e1s de $50.000 millones en obras destinadas al sistema ferroviario. La Secretar\u00eda de Transporte fue contundente: \u201cSe encuentra en pleno proceso de ingreso de capitales privados\u201d, tanto para las l\u00edneas de larga distancia como los regionales del AMBA.<\/p>\n<p>\u201cSe trata de abrir el mercado a l\u00edneas ferroviarias cuyos recorridos cuentan con atractivos para inversiones privadas, ya sea por sus destinos o potencial de tr\u00e1nsito de pasajeros\u201d, aclararon desde la entidad dependiente del Ministerio de Econom\u00eda.<\/p>\n<p>La fuerte inversi\u00f3n en obras de mantenimiento se da en el marco de la emergencia ferroviaria declarada en 2024. El Gobierno cree que la empresa \u201cno es rentable para el sector privado\u201d y avanza con la inversi\u00f3n para mejorar la rentabilidad de Trenes Argentinos.<\/p>\n<p>Desde la Secretar\u00eda de Transporte confirmaron el despido de alrededor de 19.000 personas en los \u00faltimos 50 d\u00edas, como parte del \u201cproceso de transformaci\u00f3n que se lleva adelante tanto Trenes Argentinos Operaciones y Trenes Argentinos Infraestructura\u201d, que alcanzaron \u201cla categor\u00eda de Sociedad An\u00f3nima en el \u00faltimo mes, llam\u00e1ndose SOFSA y ADIFSA, respectivamente&#8221;.<\/p>\n<p>\u201cLas autoridades de Trenes impulsan un proceso de eficientizaci\u00f3n de los recursos comerciales de la empresa&#8221;, aseguraron desde la empresa, al tiempo en el que agregaron que se analizaron los contratos de concesi\u00f3n en estaciones y el aprovechamiento de los locales comerciales del \u00faltimo mes\u201d.<\/p>\n<p>Transporte confirm\u00f3 los trabajos de reacondicionamiento de las l\u00edneas en las v\u00edas Mitre y Roca, \u201cque no se realizaban hace 40 y 55 a\u00f1os, respectivamente\u201d. Tambi\u00e9n anunciaron la compra de material rodante y repuestos tras nueve a\u00f1os de inacci\u00f3n; y obras de se\u00f1alamiento en diferentes ramales que hoy tienen un sistema con m\u00e1s de 100 a\u00f1os de antig\u00fcedad\u201d.<\/p>\n","protected":false},"excerpt":{"rendered":"<p>La Secretar\u00eda de Transporte asegur\u00f3 que las obras buscan generar atractivos para las inversiones privadas, tras declarar la emergencia ferroviaria declarada en 2024 &nbsp; &nbsp; El Gobierno asegur\u00f3 que el proceso de privatizaci\u00f3n de la entidad \u201cno se detiene\u201d, luego de confirmar la inversi\u00f3n de m\u00e1s de $50.000 millones en obras destinadas al sistema ferroviario. La Secretar\u00eda de Transporte fue contundente: \u201cSe encuentra en pleno proceso de ingreso de capitales privados\u201d, tanto para las l\u00edneas de larga distancia como los regionales del AMBA. \u201cSe trata de abrir el mercado a&#8230;<\/p>\n","protected":false},"author":3,"featured_media":76530,"comment_status":"closed","ping_status":"closed","sticky":false,"template":"","format":"standard","meta":[],"categories":[18],"tags":[],"_links":{"self":[{"href":"https:\/\/www.actualidadadiario.com\/index.php\/wp-json\/wp\/v2\/posts\/131620"}],"collection":[{"href":"https:\/\/www.actualidadadiario.com\/index.php\/wp-json\/wp\/v2\/posts"}],"about":[{"href":"https:\/\/www.actualidadadiario.com\/index.php\/wp-json\/wp\/v2\/types\/post"}],"author":[{"embeddable":true,"href":"https:\/\/www.actualidadadiario.com\/index.php\/wp-json\/wp\/v2\/users\/3"}],"replies":[{"embeddable":true,"href":"https:\/\/www.actualidadadiario.com\/index.php\/wp-json\/wp\/v2\/comments?post=131620"}],"version-history":[{"count":1,"href":"https:\/\/www.actualidadadiario.com\/index.php\/wp-json\/wp\/v2\/posts\/131620\/revisions"}],"predecessor-version":[{"id":131621,"href":"https:\/\/www.actualidadadiario.com\/index.php\/wp-json\/wp\/v2\/posts\/131620\/revisions\/131621"}],"wp:featuredmedia":[{"embeddable":true,"href":"https:\/\/www.actualidadadiario.com\/index.php\/wp-json\/wp\/v2\/media\/76530"}],"wp:attachment":[{"href":"https:\/\/www.actualidadadiario.com\/index.php\/wp-json\/wp\/v2\/media?parent=131620"}],"wp:term":[{"taxonomy":"category","embeddable":true,"href":"https:\/\/www.actualidadadiario.com\/index.php\/wp-json\/wp\/v2\/categories?post=131620"},{"taxonomy":"post_tag","embeddable":true,"href":"https:\/\/www.actualidadadiario.com\/index.php\/wp-json\/wp\/v2\/tags?post=131620"}],"curies":[{"name":"wp","href":"https:\/\/api.w.org\/{rel}","templated":true}]}}