{"id":131608,"date":"2025-08-12T10:24:51","date_gmt":"2025-08-12T13:24:51","guid":{"rendered":"https:\/\/www.actualidadadiario.com\/?p=131608"},"modified":"2025-08-12T10:24:51","modified_gmt":"2025-08-12T13:24:51","slug":"desde-2026-cada-provincia-debera-organizar-los-examenes-de-residencias","status":"publish","type":"post","link":"https:\/\/www.actualidadadiario.com\/index.php\/2025\/08\/12\/desde-2026-cada-provincia-debera-organizar-los-examenes-de-residencias\/","title":{"rendered":"Desde 2026 cada provincia deber\u00e1 organizar los ex\u00e1menes de residencias"},"content":{"rendered":"<p style=\"text-align: center;\"><em><strong>El ministro de Salud de la Naci\u00f3n acord\u00f3 que los ex\u00e1menes de ingreso a residencias m\u00e9dicas ser\u00e1n organizados por cada provincia a partir del a\u00f1o pr\u00f3ximo<\/strong><\/em><\/p>\n<p>&nbsp;<\/p>\n<p>&nbsp;<\/p>\n<p>El ministro de Salud de la Naci\u00f3n, Mario Lugones, encabez\u00f3 una nueva reuni\u00f3n del Consejo Federal de Salud (COFESA). Durante la jornada, los titulares de las carteras sanitarias de todas las jurisdicciones analizaron las principales problem\u00e1ticas sanitarias y acordaron las l\u00edneas de trabajo pr\u00f3ximo de acuerdo a los ejes priorizados por la actual gesti\u00f3n.<\/p>\n<p>Luego de las irregularidades cometidas por aspirantes en los ex\u00e1menes de ingreso al Examen \u00danico de Residencias 2025, el Ministro de Salud de la Naci\u00f3n acord\u00f3 con sus pares provinciales que, a partir de 2026, cada jurisdicci\u00f3n deber\u00e1 llevar adelante su propio examen de ingreso a residencias m\u00e9dicas seg\u00fan criterios definidos localmente.<\/p>\n<p>\u201cLa salud es jurisdiccional. Los ex\u00e1menes tambi\u00e9n tienen que ser jurisdiccionales. Solo cada provincia sabe qu\u00e9 tipo de m\u00e9dicos necesita para su poblaci\u00f3n. Esta fue la \u00faltima camada de m\u00e9dicos cuyas becas de residencias fue financiada por Naci\u00f3n. A partir de ahora los ex\u00e1menes los toman y financian las jurisdicciones\u201d, sostuvo Lugones.<\/p>\n<p>Los ministros presentes destacaron que cada jurisdicci\u00f3n tiene necesidades y realidades propias y que la formaci\u00f3n de los profesionales tambi\u00e9n debe responder a estas particularidades epidemiol\u00f3gicas, geogr\u00e1ficas y sanitarias. En este sentido, el jefe de la cartera sanitaria nacional tambi\u00e9n destac\u00f3 que \u201cesto va a poder subsanar el otro inconveniente que hay respecto al perfil de los profesionales. De esta manera los m\u00e9dicos se van a formar seg\u00fan las especialidades requeridas en cada provincia\u201d.<\/p>\n<p>Lugones tambi\u00e9n hizo referencia a la resoluci\u00f3n rubricada por el ministerio de Capital Humano, conducido por Sandra Pettovello, la semana pasada. La media establece que los profesionales egresados de universidades que no est\u00e9n inscriptas en la Federaci\u00f3n Mundial de Educaci\u00f3n M\u00e9dica ya no podr\u00e1n presentarse en Argentina para continuar con su formaci\u00f3n profesional hospitalaria.<\/p>\n<p>&nbsp;<\/p>\n<p><strong>Otros ejes de la jornada<\/strong><\/p>\n<p>La viceministra de Salud, Cecilia Loccisano, comparti\u00f3 las mejoras logradas en los procesos de compra de medicamentos de alto costo y drogas especiales que realiza la Direcci\u00f3n Nacional de Asistencia Directa y Compensatoria (DINADIC). Siguiendo est\u00e1ndares de innovaci\u00f3n y complementariedad con las con obras sociales y jurisdicciones, se logr\u00f3 una eficiencia en el gasto que alcanza los 40 millones de d\u00f3lares.<\/p>\n<p>\u201cTrabajamos en un reglamento que orden\u00f3 el funcionamiento del sistema y generamos distintos procesos de compra. Los pacientes que llegan a DINADIC se acercan en una situaci\u00f3n de extrema vulnerabilidad porque ni obra social ni su jurisdicci\u00f3n pudo sostenerlos\u201d, detall\u00f3 la funcionaria.<\/p>\n<p>En este sentido, Loccisano destac\u00f3 la agilizaci\u00f3n de los procesos administrativos y de provisi\u00f3n. \u201cIncluimos en la p\u00e1gina del ministerio un acceso para que con solo un click se pueda iniciar la solicitud. Tambi\u00e9n generamos un sistema de compras que mejor\u00f3 en un 50% la velocidad del procedimiento, porque hablamos de medicaciones que se necesitan rapid\u00edsimo\u201d, agreg\u00f3.<\/p>\n<p>La funcionaria detall\u00f3 que los procesos de provisi\u00f3n anteriormente demoraban seis meses, mientras que en la actualidad la brecha desde el pedido hasta la entrega se redujo a 35 d\u00edas, el mismo tiempo que toma el plazo de pago a los proveedores. \u201cAnte casos de personas con un problema agudo o grave de salud en el que corre riesgo cierto su vida y que no cuenten con ning\u00fan tipo de cobertura de salud, se agiliza la gesti\u00f3n hasta los 10 d\u00edas aproximadamente\u201d, revel\u00f3.<\/p>\n<p>Durante el encuentro, los jefes de las carteras sanitarias adem\u00e1s se interiorizaron sobre el avance de la Gu\u00eda Alimentarias para la Poblaci\u00f3n Argentina (GAPA), que funciona como un marco rector para la confecci\u00f3n de gu\u00edas provinciales que puedan contemplar las particularidades de cada regi\u00f3n. El subsecretario de Planificaci\u00f3n y Programaci\u00f3n Sanitaria, Sa\u00fal Flores y la directora nacional de Abordaje Integral de Enfermedades no Transmisibles, Manuela Bullo, brindaron detalles sobre la adaptaci\u00f3n e implementaci\u00f3n a nivel jurisdiccional y el fortalecimiento de los equipos t\u00e9cnicos.<\/p>\n<p>A su vez, la directora del Instituto Nacional de Alimentos (INAL), M\u00f3nica L\u00f3pez, se refiri\u00f3 al reciente Decreto 538\/2025 que dispuso la disoluci\u00f3n de la Comisi\u00f3n Nacional de Alimentos (CONAL) e introdujo modificaciones para que la actualizaci\u00f3n del C\u00f3digo Alimentario Argentino sea responsabilidad directa de la Administraci\u00f3n Nacional de Medicamentos, Alimentos y Tecnolog\u00eda M\u00e9dica (ANMAT), a trav\u00e9s del Instituto Nacional de Alimentos (INAL), y del Servicio Nacional de Sanidad y Calidad Agroalimentaria (SENASA) cuando corresponda. Esta medida permite reducir la burocracia y acelerar decisiones basadas en evidencia cient\u00edfica.<\/p>\n<p>Adem\u00e1s, con el objetivo de tomar medidas sanitarias y mitigar potenciales da\u00f1os a la salud, la funcionaria comparti\u00f3 el relevamiento que viene realizando el INAL sobre el uso extendido de colorantes artificiales en alimentos procesados. L\u00f3pez se\u00f1al\u00f3 que se hallaron este tipo de aditivos en m\u00e1s de 5.000 productos relevados, y en el 40% de los mismos se hall\u00f3 una fuerte prevalencia de Sunset Yellow y Tartrazina, colorantes que distintos estudios internacionales vinculan con alergias y sensibilidades alimentarias.<\/p>\n<p>En el COFESA tambi\u00e9n se abord\u00f3 el brote de sarampi\u00f3n y se coincidi\u00f3 en la importancia de la vacunaci\u00f3n, as\u00ed como los acuerdos con instituciones educativas para detectar a aquellos ni\u00f1os con falta de cobertura. Por \u00faltimo, la Directora Nacional de Abordaje Integral de Salud Mental, Liliana Gonz\u00e1lez, brind\u00f3 datos sobre la vigilancia epidemiol\u00f3gica de suicidio e intento de suicidio.<\/p>\n","protected":false},"excerpt":{"rendered":"<p>El ministro de Salud de la Naci\u00f3n acord\u00f3 que los ex\u00e1menes de ingreso a residencias m\u00e9dicas ser\u00e1n organizados por cada provincia a partir del a\u00f1o pr\u00f3ximo &nbsp; &nbsp; El ministro de Salud de la Naci\u00f3n, Mario Lugones, encabez\u00f3 una nueva reuni\u00f3n del Consejo Federal de Salud (COFESA). Durante la jornada, los titulares de las carteras sanitarias de todas las jurisdicciones analizaron las principales problem\u00e1ticas sanitarias y acordaron las l\u00edneas de trabajo pr\u00f3ximo de acuerdo a los ejes priorizados por la actual gesti\u00f3n. Luego de las irregularidades cometidas por aspirantes en&#8230;<\/p>\n","protected":false},"author":3,"featured_media":131609,"comment_status":"closed","ping_status":"closed","sticky":false,"template":"","format":"standard","meta":[],"categories":[2],"tags":[],"_links":{"self":[{"href":"https:\/\/www.actualidadadiario.com\/index.php\/wp-json\/wp\/v2\/posts\/131608"}],"collection":[{"href":"https:\/\/www.actualidadadiario.com\/index.php\/wp-json\/wp\/v2\/posts"}],"about":[{"href":"https:\/\/www.actualidadadiario.com\/index.php\/wp-json\/wp\/v2\/types\/post"}],"author":[{"embeddable":true,"href":"https:\/\/www.actualidadadiario.com\/index.php\/wp-json\/wp\/v2\/users\/3"}],"replies":[{"embeddable":true,"href":"https:\/\/www.actualidadadiario.com\/index.php\/wp-json\/wp\/v2\/comments?post=131608"}],"version-history":[{"count":1,"href":"https:\/\/www.actualidadadiario.com\/index.php\/wp-json\/wp\/v2\/posts\/131608\/revisions"}],"predecessor-version":[{"id":131610,"href":"https:\/\/www.actualidadadiario.com\/index.php\/wp-json\/wp\/v2\/posts\/131608\/revisions\/131610"}],"wp:featuredmedia":[{"embeddable":true,"href":"https:\/\/www.actualidadadiario.com\/index.php\/wp-json\/wp\/v2\/media\/131609"}],"wp:attachment":[{"href":"https:\/\/www.actualidadadiario.com\/index.php\/wp-json\/wp\/v2\/media?parent=131608"}],"wp:term":[{"taxonomy":"category","embeddable":true,"href":"https:\/\/www.actualidadadiario.com\/index.php\/wp-json\/wp\/v2\/categories?post=131608"},{"taxonomy":"post_tag","embeddable":true,"href":"https:\/\/www.actualidadadiario.com\/index.php\/wp-json\/wp\/v2\/tags?post=131608"}],"curies":[{"name":"wp","href":"https:\/\/api.w.org\/{rel}","templated":true}]}}