{"id":131596,"date":"2025-08-12T09:43:29","date_gmt":"2025-08-12T12:43:29","guid":{"rendered":"https:\/\/www.actualidadadiario.com\/?p=131596"},"modified":"2025-08-12T09:43:29","modified_gmt":"2025-08-12T12:43:29","slug":"el-ministro-boleas-defendera-ante-senadores-el-proyecto-para-reperfilar-la-deuda-de-us-500-millones","status":"publish","type":"post","link":"https:\/\/www.actualidadadiario.com\/index.php\/2025\/08\/12\/el-ministro-boleas-defendera-ante-senadores-el-proyecto-para-reperfilar-la-deuda-de-us-500-millones\/","title":{"rendered":"El ministro Boleas defender\u00e1 ante senadores el proyecto para reperfilar la deuda de U$S 500 millones"},"content":{"rendered":"<p style=\"text-align: center;\"><em><strong>Se trata del proyecto de \u201cSostenibilidad de la Deuda P\u00fablica Provincial\u201d, a trav\u00e9s del cual se busca una nueva autorizaci\u00f3n de toma de deuda que permita obtener mejores condiciones y salir del \u201cestr\u00e9s financiero\u201d en el que se encuentra la Provincia<\/strong><\/em><\/p>\n<p>&nbsp;<\/p>\n<p>&nbsp;<\/p>\n<p>Los senadores de Entre R\u00edos continuar\u00e1n este mi\u00e9rcoles el estudio de los proyectos de ley sobre la participaci\u00f3n p\u00fablica y privada en la promoci\u00f3n y est\u00edmulo del Deporte, y para el aprovechamiento integral de biocombustibles y energ\u00edas. En tanto comenzar\u00e1 el an\u00e1lisis al proyecto de sostenibilidad de la deuda p\u00fablica provincial. Para cada iniciativa se convoc\u00f3 a especialistas en el tema.<\/p>\n<p>A las 8:30 horas comenzar\u00e1 una reuni\u00f3n conjunta de las Comisiones de Mercosur, Turismo y Deportes, y de Presupuesto y Hacienda, en el recinto de la C\u00e1mara de Senadores. El tema es el Expediente N\u00b0 27.368, proyecto de ley por el que se regula la participaci\u00f3n p\u00fablica y privada en la promoci\u00f3n y est\u00edmulo del Deporte.<\/p>\n<p>Para este encuentro fueron invitados el director ejecutivo de la Administradora Tributaria de la Provincia de Entre R\u00edos (ATER), Jes\u00fas Rafael Korell, y el presidente del Club Atl\u00e9tico Estudiantes de Paran\u00e1 (CAE), Emilio Fouces.<\/p>\n<p>A las 10, tambi\u00e9n en el recinto, tendr\u00e1 lugar una reuni\u00f3n conjunta de las Comisiones de Legislaci\u00f3n General y de Presupuesto y Hacienda, con el Expediente N\u00b0 15.400, proyecto de ley por el que se declara prioritaria la restauraci\u00f3n de la sostenibilidad de la deuda p\u00fablica provincial. Como invitado estar\u00e1 el Ministro de Hacienda y Finanzas de Entre R\u00edos, Fabi\u00e1n Boleas.<\/p>\n<p>Para las 11:30, en la Sala de Comisiones del segundo piso de Casa de Gobierno,\u00a0 se program\u00f3 la reuni\u00f3n conjunta de las Comisiones de Legislaci\u00f3n General y de Producci\u00f3n, para avanzar con el Expediente N\u00b0 27.038, proyecto de ley por el que se crea el marco legal, institucional y normativo que fomente la producci\u00f3n, autoconsumo, comercializaci\u00f3n y aprovechamiento integral de biocombustibles y energ\u00edas. Como invitados estar\u00e1n representantes de la C\u00e1mara de Empresas PYMEs Regionales Elaboradoras de Biocombustibles (CEPREB).<\/p>\n","protected":false},"excerpt":{"rendered":"<p>Se trata del proyecto de \u201cSostenibilidad de la Deuda P\u00fablica Provincial\u201d, a trav\u00e9s del cual se busca una nueva autorizaci\u00f3n de toma de deuda que permita obtener mejores condiciones y salir del \u201cestr\u00e9s financiero\u201d en el que se encuentra la Provincia &nbsp; &nbsp; Los senadores de Entre R\u00edos continuar\u00e1n este mi\u00e9rcoles el estudio de los proyectos de ley sobre la participaci\u00f3n p\u00fablica y privada en la promoci\u00f3n y est\u00edmulo del Deporte, y para el aprovechamiento integral de biocombustibles y energ\u00edas. En tanto comenzar\u00e1 el an\u00e1lisis al proyecto de sostenibilidad de&#8230;<\/p>\n","protected":false},"author":3,"featured_media":131597,"comment_status":"closed","ping_status":"closed","sticky":false,"template":"","format":"standard","meta":[],"categories":[15],"tags":[],"_links":{"self":[{"href":"https:\/\/www.actualidadadiario.com\/index.php\/wp-json\/wp\/v2\/posts\/131596"}],"collection":[{"href":"https:\/\/www.actualidadadiario.com\/index.php\/wp-json\/wp\/v2\/posts"}],"about":[{"href":"https:\/\/www.actualidadadiario.com\/index.php\/wp-json\/wp\/v2\/types\/post"}],"author":[{"embeddable":true,"href":"https:\/\/www.actualidadadiario.com\/index.php\/wp-json\/wp\/v2\/users\/3"}],"replies":[{"embeddable":true,"href":"https:\/\/www.actualidadadiario.com\/index.php\/wp-json\/wp\/v2\/comments?post=131596"}],"version-history":[{"count":1,"href":"https:\/\/www.actualidadadiario.com\/index.php\/wp-json\/wp\/v2\/posts\/131596\/revisions"}],"predecessor-version":[{"id":131598,"href":"https:\/\/www.actualidadadiario.com\/index.php\/wp-json\/wp\/v2\/posts\/131596\/revisions\/131598"}],"wp:featuredmedia":[{"embeddable":true,"href":"https:\/\/www.actualidadadiario.com\/index.php\/wp-json\/wp\/v2\/media\/131597"}],"wp:attachment":[{"href":"https:\/\/www.actualidadadiario.com\/index.php\/wp-json\/wp\/v2\/media?parent=131596"}],"wp:term":[{"taxonomy":"category","embeddable":true,"href":"https:\/\/www.actualidadadiario.com\/index.php\/wp-json\/wp\/v2\/categories?post=131596"},{"taxonomy":"post_tag","embeddable":true,"href":"https:\/\/www.actualidadadiario.com\/index.php\/wp-json\/wp\/v2\/tags?post=131596"}],"curies":[{"name":"wp","href":"https:\/\/api.w.org\/{rel}","templated":true}]}}