{"id":131592,"date":"2025-08-12T09:42:15","date_gmt":"2025-08-12T12:42:15","guid":{"rendered":"https:\/\/www.actualidadadiario.com\/?p=131592"},"modified":"2025-08-12T09:42:25","modified_gmt":"2025-08-12T12:42:25","slug":"agmer-quiere-que-el-gobierno-reabra-la-paritaria-salarial","status":"publish","type":"post","link":"https:\/\/www.actualidadadiario.com\/index.php\/2025\/08\/12\/agmer-quiere-que-el-gobierno-reabra-la-paritaria-salarial\/","title":{"rendered":"AGMER quiere que el Gobierno reabra la paritaria salarial"},"content":{"rendered":"<p style=\"text-align: center;\"><em><strong>El jueves 7 se reuni\u00f3 en Paran\u00e1 el congreso provincial de la Asociaci\u00f3n Gremial del Magisterio de Entre R\u00edos (Agmer) y una de las mociones que votaron los congresales plante\u00f3 \u201creiterar ante la Secretar\u00eda de Trabajo la exigencia de cumplimiento inmediato de la totalidad del acuerdo paritario salarial firmado el 6 de marzo de 2025, especialmente el punto 7, referido a la continuidad de las comisiones t\u00e9cnicas paritarias de Nomenclador, Infraestructura y Transporte y Movilidad Docente\u201d<\/strong><\/em><\/p>\n<p>&nbsp;<\/p>\n<p>&nbsp;<\/p>\n<p>Adem\u00e1s, se mandat\u00f3 a la comisi\u00f3n directiva provincial de Agmer para que \u201cpresente ante la Secretar\u00eda de Trabajo la requisitoria correspondiente y solicite, adem\u00e1s, la continuidad de la paritaria salarial\u201d.<\/p>\n<p>Esa petici\u00f3n se esperaba que se formalizara este lunes, pero no ocurri\u00f3, por lo que la expectativa es que en las pr\u00f3ximas horas se d\u00e9 ese paso. De ese modo, se \u201cabrir\u00eda\u201d la paritaria que se firm\u00f3 a comienzos de marzo y que se extiende hasta diciembre de 2025.<\/p>\n<p>&nbsp;<\/p>\n<p><strong>\u201cInsuficiente\u201d<\/strong><\/p>\n<p>A finales de febrero, el congreso de Agmer que se reuni\u00f3 en Villaguay acept\u00f3 la oferta salarial que formul\u00f3 el Gobierno el martes 25 de ese mes, aun cuando la declar\u00f3 \u201cinsuficiente\u201d.<\/p>\n<p>&nbsp;<\/p>\n<p><strong>Aquella la aceptaci\u00f3n qued\u00f3 condicionada a los siguientes puntos:<\/strong><\/p>\n<ul>\n<li>Que todos los puntos de incremento sean \u201cretroactivos a febrero.<\/li>\n<li>Que la base de c\u00e1lculo de los aumentos se actualice en los meses de marzo, agosto y noviembre.<\/li>\n<li>Que se contin\u00fae trabajando en la Comisi\u00f3n de Nomenclador para concretar para concretar una propuesta que corrija las distorsiones del escalaf\u00f3n a la mayor brevedad posible.<\/li>\n<li>Que la paritaria se mantenga abierta.<\/li>\n<\/ul>\n<p>Adem\u00e1s, el congreso demand\u00f3 que \u201cse incluya en la pauta un monto remunerativo y bonificable que alcance a la totalidad de los docentes con menos de 10 a\u00f1os de antig\u00fcedad\u201d.<\/p>\n<p>El congreso de Agmer transit\u00f3 por momentos de zozobra y tensi\u00f3n. De las 17 seccionales, cuatro llevaron la moci\u00f3n de rechazo a la \u00faltima oferta salarial del Gobierno, dos de ellas de las de m\u00e1s peso dentro del espectro del mayor sindicato docente: Paran\u00e1 y Uruguay. A esas dos, se sumaron Federaci\u00f3n y Federal.<\/p>\n<p>Uno de los puntos de discusi\u00f3n pas\u00f3 por la asignaci\u00f3n de una suma fija de $25 mil que propuso el Gobierno, remunerativa, que llega s\u00f3lo a docentes a partir de los 10 a\u00f1os de antig\u00fcedad, y no a la totalidad del escalaf\u00f3n.<\/p>\n<p>&nbsp;<\/p>\n<p><strong>Negociaciones<\/strong><\/p>\n<p>La negociaci\u00f3n arranc\u00f3 temprano en 2025. El jueves 13 de febrero el Gobierno present\u00f3 la primera oferta salarial a los gremios de los maestros:<\/p>\n<p>Extender hasta diciembre el incremento salarial mes a mes de acuerdo al IPC de Indec.<\/p>\n<p>Incrementar 10,7% Fondo Provincial de Incentivo Docente y Conectividad (monto no remunerativo ni bonificable).<\/p>\n<p>Implementar un Boleto Docente Urbano a un 50% de costo respecto al Boleto \u00danico<\/p>\n<p>Seguir trabajando en la Comisi\u00f3n de Nomenclador para acordar medidas para desachatar y corregir distorsiones en el sueldo docente, las que est\u00e1n siendo analizadas por el gobierno.<\/p>\n<p>El congreso que el lunes 17 de febrero sesion\u00f3 en San Salvador rechaz\u00f3 esa propuesta por \u201cinsuficiente\u201d.<\/p>\n<p>En ese escenario, los congresales aprobaron \u201crechazar la propuesta salarial presentada el el jueves 13, declar\u00e1ndola insuficiente\u201d. Adem\u00e1s, insistieron en que \u00aben el marco de la audiencia paritaria prevista para este mi\u00e9rcoles 19\/02 que la propuesta salarial debe contener:<\/p>\n<p>&#8211; Incrementos salariales que nos permitan estar por encima de la inflaci\u00f3n.<\/p>\n<p>&#8211; Actualizaci\u00f3n de la base de c\u00e1lculo.<\/p>\n<p>&#8211; Mecanismos que recuperen las p\u00e9rdidas salariales del a\u00f1o 2023.<\/p>\n<p>&#8211; Correcciones en el Nomenclador que permitan resolver las distorsiones que se dan en los salarios de los trabajadores de la educaci\u00f3n\u00bb.<\/p>\n<p>El mi\u00e9rcoles 19 de febrero se abri\u00f3 la segunda negociaci\u00f3n paritaria.<\/p>\n<p>El Gobierno lleg\u00f3 con una propuesta que, ante el rechazo cerrado de los sindicatos, la retir\u00f3 en el acto.<\/p>\n<p>Esa oferta propuso bonificar en un 100% el boleto docente y actualizaci\u00f3n salarial por \u00edndice de precios al consumidor mensual del Fondo Provincial de Incentivo Docente a partir del mes de marzo. Adem\u00e1s, de la cobertura contra la inflaci\u00f3n, con una actualizaci\u00f3n mes a mes, seg\u00fan el \u00cdndice de Precios al Consumidor del mes anterior, hasta diciembre de 2025, sobre la inflaci\u00f3n del mes inmediato anterior al liquidado.<\/p>\n<p>El martes 25 de febrero, en la tercera audiencia paritaria, el Gobierno present\u00f3 una nueva oferta salarial. La propuesta incluy\u00f3 cobertura anual contra la inflaci\u00f3n; el pago de una suma fija remunerativa y bonificable de $25.000 de marzo a diciembre a docentes con 10 o m\u00e1s a\u00f1os de antig\u00fcedad y cambios en la base de c\u00e1lculo.<\/p>\n<p>&nbsp;<\/p>\n<p><strong>La propuesta incluy\u00f3:<\/strong><\/p>\n<ul>\n<li>Garantizar la cobertura contra la inflaci\u00f3n, con una actualizaci\u00f3n mes a mes, seg\u00fan el \u00cdndice de Precios al Consumidor del mes inmediato anterior, hasta diciembre de 2025.<\/li>\n<li>El pago de una suma fija de $25.000 remunerativo y bonificable por docente a partir de marzo a diciembre de 2025 para todos aquellos que tengan 10 a\u00f1os de antig\u00fcedad o m\u00e1s.<\/li>\n<li>El cambio de la base de c\u00e1lculo a marzo y una actualizaci\u00f3n de la base en agosto.<\/li>\n<li>Establecer un incremento en un 10,7 % del Fondo Provincial de Incentivo Docente y conectividad a partir de marzo.<\/li>\n<li>Trabajar en la implementaci\u00f3n de un boleto docente para transporte urbano con una bonificaci\u00f3n de 50 %.<\/li>\n<li>Sobre la base de esa negociaci\u00f3n cerrada, ahora Agmer pretende la reapertura para negociar un aumento extra.<\/li>\n<\/ul>\n","protected":false},"excerpt":{"rendered":"<p>El jueves 7 se reuni\u00f3 en Paran\u00e1 el congreso provincial de la Asociaci\u00f3n Gremial del Magisterio de Entre R\u00edos (Agmer) y una de las mociones que votaron los congresales plante\u00f3 \u201creiterar ante la Secretar\u00eda de Trabajo la exigencia de cumplimiento inmediato de la totalidad del acuerdo paritario salarial firmado el 6 de marzo de 2025, especialmente el punto 7, referido a la continuidad de las comisiones t\u00e9cnicas paritarias de Nomenclador, Infraestructura y Transporte y Movilidad Docente\u201d &nbsp; &nbsp; Adem\u00e1s, se mandat\u00f3 a la comisi\u00f3n directiva provincial de Agmer para que&#8230;<\/p>\n","protected":false},"author":3,"featured_media":131593,"comment_status":"closed","ping_status":"closed","sticky":false,"template":"","format":"standard","meta":[],"categories":[15],"tags":[],"_links":{"self":[{"href":"https:\/\/www.actualidadadiario.com\/index.php\/wp-json\/wp\/v2\/posts\/131592"}],"collection":[{"href":"https:\/\/www.actualidadadiario.com\/index.php\/wp-json\/wp\/v2\/posts"}],"about":[{"href":"https:\/\/www.actualidadadiario.com\/index.php\/wp-json\/wp\/v2\/types\/post"}],"author":[{"embeddable":true,"href":"https:\/\/www.actualidadadiario.com\/index.php\/wp-json\/wp\/v2\/users\/3"}],"replies":[{"embeddable":true,"href":"https:\/\/www.actualidadadiario.com\/index.php\/wp-json\/wp\/v2\/comments?post=131592"}],"version-history":[{"count":2,"href":"https:\/\/www.actualidadadiario.com\/index.php\/wp-json\/wp\/v2\/posts\/131592\/revisions"}],"predecessor-version":[{"id":131595,"href":"https:\/\/www.actualidadadiario.com\/index.php\/wp-json\/wp\/v2\/posts\/131592\/revisions\/131595"}],"wp:featuredmedia":[{"embeddable":true,"href":"https:\/\/www.actualidadadiario.com\/index.php\/wp-json\/wp\/v2\/media\/131593"}],"wp:attachment":[{"href":"https:\/\/www.actualidadadiario.com\/index.php\/wp-json\/wp\/v2\/media?parent=131592"}],"wp:term":[{"taxonomy":"category","embeddable":true,"href":"https:\/\/www.actualidadadiario.com\/index.php\/wp-json\/wp\/v2\/categories?post=131592"},{"taxonomy":"post_tag","embeddable":true,"href":"https:\/\/www.actualidadadiario.com\/index.php\/wp-json\/wp\/v2\/tags?post=131592"}],"curies":[{"name":"wp","href":"https:\/\/api.w.org\/{rel}","templated":true}]}}