{"id":131590,"date":"2025-08-12T09:41:07","date_gmt":"2025-08-12T12:41:07","guid":{"rendered":"https:\/\/www.actualidadadiario.com\/?p=131590"},"modified":"2025-08-12T09:41:07","modified_gmt":"2025-08-12T12:41:07","slug":"se-aproxima-un-nuevo-frente-frio-a-entre-rios","status":"publish","type":"post","link":"https:\/\/www.actualidadadiario.com\/index.php\/2025\/08\/12\/se-aproxima-un-nuevo-frente-frio-a-entre-rios\/","title":{"rendered":"Se aproxima un nuevo frente fr\u00edo a Entre R\u00edos"},"content":{"rendered":"<p style=\"text-align: center;\"><em><strong>El viento sur comenzar\u00e1 a llegar este mi\u00e9rcoles, pero los d\u00edas m\u00e1s fr\u00edos ser\u00e1n el jueves y el viernes. Detalles del pron\u00f3stico por zonas<\/strong><\/em><\/p>\n<p>&nbsp;<\/p>\n<p>&nbsp;<\/p>\n<p>El Servicio Meteorol\u00f3gico Nacional -SMN- informa que este martes 12 de agosto se vivir\u00e1 una jornada primaveral en Entre R\u00edos, con temperaturas m\u00e1ximas que alcanzar\u00e1n los 21 y 22 grados.<\/p>\n<p>A partir de este mi\u00e9rcoles se prev\u00e9 la llegada del viento sur, sobre todo de tarde y noche, ante anunciar\u00e1 la llegada de un nuevo frente fr\u00edo. El jueves y viernes estar\u00e1n muy fr\u00edos.<\/p>\n<p>El pron\u00f3stico extendido anuncia para las pr\u00f3ximas jornadas temperaturas m\u00ednimas de hasta 2 grados en la provincia. No hay anuncio de lluvias hasta el s\u00e1bado, con una leve probabilidad de inestabilidad.<\/p>\n<p>&nbsp;<\/p>\n<p><strong>Pron\u00f3stico para hoy<\/strong><\/p>\n<p>En Paran\u00e1, La Paz, Villaguay, Diamante y Nogoy\u00e1 la m\u00ednima fue de 8 grados y la m\u00e1xima alcanzar\u00e1 los 22 grados. En la capital y alrededores se espera una jornada con cielo parcialmente nublado.<\/p>\n<p>En Concordia, Federal, Feliciano, Federaci\u00f3n y San Salvador, en tanto, registr\u00f3 una m\u00ednima de 4 grados y una m\u00e1xima de 21 grados. Se aguardan un aumento de la nubosidad durante el d\u00eda.<\/p>\n<p>En Gualeguaych\u00fa, Col\u00f3n, Uruguay, Tala e Islas, se inform\u00f3 una m\u00ednima de 6 grados y una m\u00e1xima de 21 grados. El d\u00eda comienza algo nublado y finalizar\u00e1 mayormente nublado.<\/p>\n<p>Finalmente, en Victoria y Gualeguay comenz\u00f3 el d\u00eda con 8 grados de m\u00ednima y se esperan 21 grados de m\u00e1xima, con cielo parcialmente de ma\u00f1ana y tarde, pero mayormente nublado de noche.<\/p>\n","protected":false},"excerpt":{"rendered":"<p>El viento sur comenzar\u00e1 a llegar este mi\u00e9rcoles, pero los d\u00edas m\u00e1s fr\u00edos ser\u00e1n el jueves y el viernes. Detalles del pron\u00f3stico por zonas &nbsp; &nbsp; El Servicio Meteorol\u00f3gico Nacional -SMN- informa que este martes 12 de agosto se vivir\u00e1 una jornada primaveral en Entre R\u00edos, con temperaturas m\u00e1ximas que alcanzar\u00e1n los 21 y 22 grados. A partir de este mi\u00e9rcoles se prev\u00e9 la llegada del viento sur, sobre todo de tarde y noche, ante anunciar\u00e1 la llegada de un nuevo frente fr\u00edo. El jueves y viernes estar\u00e1n muy fr\u00edos&#8230;.<\/p>\n","protected":false},"author":3,"featured_media":131432,"comment_status":"closed","ping_status":"closed","sticky":false,"template":"","format":"standard","meta":[],"categories":[15],"tags":[],"_links":{"self":[{"href":"https:\/\/www.actualidadadiario.com\/index.php\/wp-json\/wp\/v2\/posts\/131590"}],"collection":[{"href":"https:\/\/www.actualidadadiario.com\/index.php\/wp-json\/wp\/v2\/posts"}],"about":[{"href":"https:\/\/www.actualidadadiario.com\/index.php\/wp-json\/wp\/v2\/types\/post"}],"author":[{"embeddable":true,"href":"https:\/\/www.actualidadadiario.com\/index.php\/wp-json\/wp\/v2\/users\/3"}],"replies":[{"embeddable":true,"href":"https:\/\/www.actualidadadiario.com\/index.php\/wp-json\/wp\/v2\/comments?post=131590"}],"version-history":[{"count":1,"href":"https:\/\/www.actualidadadiario.com\/index.php\/wp-json\/wp\/v2\/posts\/131590\/revisions"}],"predecessor-version":[{"id":131591,"href":"https:\/\/www.actualidadadiario.com\/index.php\/wp-json\/wp\/v2\/posts\/131590\/revisions\/131591"}],"wp:featuredmedia":[{"embeddable":true,"href":"https:\/\/www.actualidadadiario.com\/index.php\/wp-json\/wp\/v2\/media\/131432"}],"wp:attachment":[{"href":"https:\/\/www.actualidadadiario.com\/index.php\/wp-json\/wp\/v2\/media?parent=131590"}],"wp:term":[{"taxonomy":"category","embeddable":true,"href":"https:\/\/www.actualidadadiario.com\/index.php\/wp-json\/wp\/v2\/categories?post=131590"},{"taxonomy":"post_tag","embeddable":true,"href":"https:\/\/www.actualidadadiario.com\/index.php\/wp-json\/wp\/v2\/tags?post=131590"}],"curies":[{"name":"wp","href":"https:\/\/api.w.org\/{rel}","templated":true}]}}