{"id":131587,"date":"2025-08-12T09:40:28","date_gmt":"2025-08-12T12:40:28","guid":{"rendered":"https:\/\/www.actualidadadiario.com\/?p=131587"},"modified":"2025-08-12T09:40:28","modified_gmt":"2025-08-12T12:40:28","slug":"es-de-80-el-acatamiento-al-paro-universitario-en-entre-rios","status":"publish","type":"post","link":"https:\/\/www.actualidadadiario.com\/index.php\/2025\/08\/12\/es-de-80-el-acatamiento-al-paro-universitario-en-entre-rios\/","title":{"rendered":"Es de 80% el acatamiento al paro universitario en Entre R\u00edos"},"content":{"rendered":"<p style=\"text-align: center;\"><em><strong>Docentes y no docentes universitarios fueron al paro en todo el pa\u00eds este lunes, reiterando su pedido de una mejora salarial. En Entre R\u00edos el acatamiento a la huelga fue alto: 80% en docentes y casi 100% en no docentes, seg\u00fan relevamientos de los gremios<\/strong><\/em><\/p>\n<p>&nbsp;<\/p>\n<p>En el caso de los profesores, la medida de fuerza se extender\u00e1 toda la semana y habr\u00e1 acciones para visibilizar el salvaje ajuste que concreta el gobierno nacional sobre el sector.<\/p>\n<p>\u201cHace un a\u00f1o y medio no tenemos aumentos, la p\u00e9rdida de poder adquisitivo alcanza el 40 por ciento y muchos cargos ya no se est\u00e1n ocupando, perjudicando a los estudiantes y las carreras\u201d, explic\u00f3 Maximiliano Camarda, secretario gremial de la Asociaci\u00f3n Gremial de Docentes Universitarios (AGDU). Acot\u00f3 luego: \u201cTodos los incrementos han sido por debajo de la inflaci\u00f3n, tanto en sueldos como para el funcionamiento. No hay pr\u00e1cticamente extensi\u00f3n ni investigaci\u00f3n, est\u00e1 todo recortado\u201d.<\/p>\n<p>El dirigente habl\u00f3 adem\u00e1s de la media sanci\u00f3n a la Ley de Financiamiento Universitario: \u201cSiempre hay esperanza, pero hay una l\u00f3gica de privatizaci\u00f3n de la educaci\u00f3n. Las universidades representan un m\u00e9todo, el cient\u00edfico, que est\u00e1 muy alejado del gobierno. Nuestro desfinanciamiento no es solo un ajuste, es una b\u00fasqueda de que no se vea lo que hacemos\u201d.<\/p>\n","protected":false},"excerpt":{"rendered":"<p>Docentes y no docentes universitarios fueron al paro en todo el pa\u00eds este lunes, reiterando su pedido de una mejora salarial. En Entre R\u00edos el acatamiento a la huelga fue alto: 80% en docentes y casi 100% en no docentes, seg\u00fan relevamientos de los gremios &nbsp; En el caso de los profesores, la medida de fuerza se extender\u00e1 toda la semana y habr\u00e1 acciones para visibilizar el salvaje ajuste que concreta el gobierno nacional sobre el sector. \u201cHace un a\u00f1o y medio no tenemos aumentos, la p\u00e9rdida de poder adquisitivo&#8230;<\/p>\n","protected":false},"author":3,"featured_media":131588,"comment_status":"closed","ping_status":"closed","sticky":false,"template":"","format":"standard","meta":[],"categories":[15],"tags":[],"_links":{"self":[{"href":"https:\/\/www.actualidadadiario.com\/index.php\/wp-json\/wp\/v2\/posts\/131587"}],"collection":[{"href":"https:\/\/www.actualidadadiario.com\/index.php\/wp-json\/wp\/v2\/posts"}],"about":[{"href":"https:\/\/www.actualidadadiario.com\/index.php\/wp-json\/wp\/v2\/types\/post"}],"author":[{"embeddable":true,"href":"https:\/\/www.actualidadadiario.com\/index.php\/wp-json\/wp\/v2\/users\/3"}],"replies":[{"embeddable":true,"href":"https:\/\/www.actualidadadiario.com\/index.php\/wp-json\/wp\/v2\/comments?post=131587"}],"version-history":[{"count":1,"href":"https:\/\/www.actualidadadiario.com\/index.php\/wp-json\/wp\/v2\/posts\/131587\/revisions"}],"predecessor-version":[{"id":131589,"href":"https:\/\/www.actualidadadiario.com\/index.php\/wp-json\/wp\/v2\/posts\/131587\/revisions\/131589"}],"wp:featuredmedia":[{"embeddable":true,"href":"https:\/\/www.actualidadadiario.com\/index.php\/wp-json\/wp\/v2\/media\/131588"}],"wp:attachment":[{"href":"https:\/\/www.actualidadadiario.com\/index.php\/wp-json\/wp\/v2\/media?parent=131587"}],"wp:term":[{"taxonomy":"category","embeddable":true,"href":"https:\/\/www.actualidadadiario.com\/index.php\/wp-json\/wp\/v2\/categories?post=131587"},{"taxonomy":"post_tag","embeddable":true,"href":"https:\/\/www.actualidadadiario.com\/index.php\/wp-json\/wp\/v2\/tags?post=131587"}],"curies":[{"name":"wp","href":"https:\/\/api.w.org\/{rel}","templated":true}]}}