{"id":131579,"date":"2025-08-12T09:35:55","date_gmt":"2025-08-12T12:35:55","guid":{"rendered":"https:\/\/www.actualidadadiario.com\/?p=131579"},"modified":"2025-08-12T09:35:55","modified_gmt":"2025-08-12T12:35:55","slug":"frigerio-espera-un-guino-de-la-gestion-milei-para-negociar-las-leyes-de-los-atn-y-el-impuesto-a-los-combustibles","status":"publish","type":"post","link":"https:\/\/www.actualidadadiario.com\/index.php\/2025\/08\/12\/frigerio-espera-un-guino-de-la-gestion-milei-para-negociar-las-leyes-de-los-atn-y-el-impuesto-a-los-combustibles\/","title":{"rendered":"Frigerio espera un gui\u00f1o de la gesti\u00f3n Milei para negociar las leyes de los ATN y el impuesto a los combustibles"},"content":{"rendered":"<p style=\"text-align: center;\"><em><strong>Rogelio Frigerio aparece como uno de los ide\u00f3logos de los proyectos que regulan la distribuci\u00f3n del fondo de los Aportes del Tesoro Nacional (ATN) y el reparto del impuesto a los combustibles l\u00edquidos, pero que surgieron con la firma de todas las provincias. Javier Milei se resiste con avanzar y amenaza con vetarlas. Ambas tienen media sanci\u00f3n del Senado y todo indica que en la C\u00e1mara de Diputados tendr\u00edan un apoyo holgado<\/strong><\/em><\/p>\n<p>&nbsp;<\/p>\n<p>&nbsp;<\/p>\n<p>El mandatario entrerriano integra la n\u00f3mina de los cuatro junto a Alfredo Cornejo (Mendoza), Leandro Zdero (Chaco) y Jorge Macri (CABA); que sellaron una alianza electoral con La Libertad Avanza.<\/p>\n<p>&nbsp;<\/p>\n<p><strong>Evitar \u201cuna votaci\u00f3n dif\u00edcil\u201d<\/strong><\/p>\n<p>Por estas horas esperan un gui\u00f1o del Gobierno ante la posibilidad de quedar entrampados en una delicada situaci\u00f3n: tener que elegir entre los intereses de sus respectivas provincias o el compromiso electoral asumido la semana pasada.<\/p>\n<p>El debate de los proyectos de ley comenzar\u00e1 este mi\u00e9rcoles. Se descuenta que obtendr\u00e1n dictamen y, por lo tanto, estar\u00e1n en condiciones de ser llevadas al recinto.<\/p>\n<p>\u201cEstamos pendientes de que el Gobierno abra finalmente un canal de negociaci\u00f3n o bien ofrezca una contrapropuesta satisfactoria que nos evite el problema de una votaci\u00f3n dif\u00edcil en el recinto\u201d, confes\u00f3 un dirigente cercano al gobernador Frigerio a La Naci\u00f3n.<\/p>\n<p>Lo que piensan en Mendoza y CABA<\/p>\n<p>Cerca de Cornejo admit\u00edan, tambi\u00e9n, que la pelota est\u00e1 en manos de la Casa Rosada. \u201cEstamos en una posici\u00f3n muy inc\u00f3moda, ojal\u00e1 que el Gobierno no decida llevar la situaci\u00f3n a un extremo y acepte negociar una salida\u201d, desliz\u00f3 un legislador del ri\u00f1\u00f3n del gobernador mendocino.<\/p>\n<p>En el gabinete de Jorge Macri tampoco ocultan su inquietud. \u201cNosotros suscribimos los dos proyectos porque creemos que no vulneran el equilibrio fiscal. Hace tiempo que lo venimos hablando con el Gobierno, esperamos avanzar en una negociaci\u00f3n. Lo que s\u00ed es seguro es que no vamos a votar leyes que tengan un impacto fiscal negativo\u201d, indicaron.<\/p>\n<p>&nbsp;<\/p>\n<p><strong>\u00bfC\u00f3mo se evitar\u00eda la sangr\u00eda?<\/strong><\/p>\n<p>Desde la Casa Rosada se desliz\u00f3 que, como toda oferta, se les propondr\u00eda a los gobernadores un reparto mayor del fondo de los ATN entre las provincias, pero no ceder\u00eda su monopolio sobre la recaudaci\u00f3n del impuesto a los combustibles.<\/p>\n<p>Con esta propuesta buscar\u00eda meter una cu\u00f1a en el frente de los 24 gobernadores y licuar su ofensiva. Esto no impedir\u00eda que las leyes finalmente se aprueben, pero al menos se evitar\u00eda la sangr\u00eda.<\/p>\n","protected":false},"excerpt":{"rendered":"<p>Rogelio Frigerio aparece como uno de los ide\u00f3logos de los proyectos que regulan la distribuci\u00f3n del fondo de los Aportes del Tesoro Nacional (ATN) y el reparto del impuesto a los combustibles l\u00edquidos, pero que surgieron con la firma de todas las provincias. Javier Milei se resiste con avanzar y amenaza con vetarlas. Ambas tienen media sanci\u00f3n del Senado y todo indica que en la C\u00e1mara de Diputados tendr\u00edan un apoyo holgado &nbsp; &nbsp; El mandatario entrerriano integra la n\u00f3mina de los cuatro junto a Alfredo Cornejo (Mendoza), Leandro Zdero&#8230;<\/p>\n","protected":false},"author":3,"featured_media":122709,"comment_status":"closed","ping_status":"closed","sticky":false,"template":"","format":"standard","meta":[],"categories":[9],"tags":[],"_links":{"self":[{"href":"https:\/\/www.actualidadadiario.com\/index.php\/wp-json\/wp\/v2\/posts\/131579"}],"collection":[{"href":"https:\/\/www.actualidadadiario.com\/index.php\/wp-json\/wp\/v2\/posts"}],"about":[{"href":"https:\/\/www.actualidadadiario.com\/index.php\/wp-json\/wp\/v2\/types\/post"}],"author":[{"embeddable":true,"href":"https:\/\/www.actualidadadiario.com\/index.php\/wp-json\/wp\/v2\/users\/3"}],"replies":[{"embeddable":true,"href":"https:\/\/www.actualidadadiario.com\/index.php\/wp-json\/wp\/v2\/comments?post=131579"}],"version-history":[{"count":1,"href":"https:\/\/www.actualidadadiario.com\/index.php\/wp-json\/wp\/v2\/posts\/131579\/revisions"}],"predecessor-version":[{"id":131580,"href":"https:\/\/www.actualidadadiario.com\/index.php\/wp-json\/wp\/v2\/posts\/131579\/revisions\/131580"}],"wp:featuredmedia":[{"embeddable":true,"href":"https:\/\/www.actualidadadiario.com\/index.php\/wp-json\/wp\/v2\/media\/122709"}],"wp:attachment":[{"href":"https:\/\/www.actualidadadiario.com\/index.php\/wp-json\/wp\/v2\/media?parent=131579"}],"wp:term":[{"taxonomy":"category","embeddable":true,"href":"https:\/\/www.actualidadadiario.com\/index.php\/wp-json\/wp\/v2\/categories?post=131579"},{"taxonomy":"post_tag","embeddable":true,"href":"https:\/\/www.actualidadadiario.com\/index.php\/wp-json\/wp\/v2\/tags?post=131579"}],"curies":[{"name":"wp","href":"https:\/\/api.w.org\/{rel}","templated":true}]}}