{"id":131519,"date":"2025-08-07T12:49:28","date_gmt":"2025-08-07T15:49:28","guid":{"rendered":"https:\/\/www.actualidadadiario.com\/?p=131519"},"modified":"2025-08-07T12:53:43","modified_gmt":"2025-08-07T15:53:43","slug":"obras-sociales-el-gobierno-extendio-el-plazo-para-el-tramite-de-permanencia-la-superintendencia-de-servicios-de-salud-extendio-el-plazo-para-manifestar-la-voluntad-de-permanencia-aquellos-que-no","status":"publish","type":"post","link":"https:\/\/www.actualidadadiario.com\/index.php\/2025\/08\/07\/obras-sociales-el-gobierno-extendio-el-plazo-para-el-tramite-de-permanencia-la-superintendencia-de-servicios-de-salud-extendio-el-plazo-para-manifestar-la-voluntad-de-permanencia-aquellos-que-no\/","title":{"rendered":"Obras Sociales: el Gobierno extendi\u00f3 el plazo para el tr\u00e1mite de permanencia"},"content":{"rendered":"<p style=\"text-align: center;\"><em><strong>La Superintendencia de Servicios de Salud extendi\u00f3 el plazo para manifestar la &#8220;voluntad de permanencia&#8221;. Aquellos que no completen el tr\u00e1mite ver\u00e1n derivados sus aportes a la prepaga contratada<\/strong><\/em><\/p>\n<p>&nbsp;<\/p>\n<p>&nbsp;<\/p>\n<p>El Gobierno, a trav\u00e9s de la Superintendencia de Servicios de Salud, extendi\u00f3 el plazo para manifestar la voluntad de permanencia de los afiliados a su actual obra social. La nueva fecha l\u00edmite ser\u00e1 el 31 de diciembre de 2025.<\/p>\n<p>La medida fue oficializada a trav\u00e9s de la Resoluci\u00f3n 1608\/2025 publicada en el Bolet\u00edn Oficial de la fecha. En caso de no manifestar su deseo de continuidad, la normativa establece que los aportes de los trabajadores ser\u00e1n enviados a la prepaga en la que est\u00e9n inscriptos.<\/p>\n<p>Meses atr\u00e1s, el gobierno de Javier Milei estableci\u00f3 que los aportes y contribuciones &#8220;de los trabajadores en relaci\u00f3n de dependencia, del R\u00e9gimen Especial de Seguridad Social para Empleados del Servicio Dom\u00e9stico, as\u00ed como las cotizaciones de los beneficiarios adheridos al R\u00e9gimen Simplificado para Peque\u00f1os Contribuyentes, sean transferidos directamente hacia la entidad de salud oportunamente contratada por el beneficiario&#8221;. Esta medida fue confirmada en la resoluci\u00f3n 1\/2025 publicada en enero de este a\u00f1o.<\/p>\n<p>En este nuevo escenario, los trabajadores pod\u00edan optar por realizar un tr\u00e1mite de permanencia en su actual Obra Social para que sus respectivos aportes no sean derivados de manera autom\u00e1tica.<\/p>\n<p>Ahora, el Gobierno estableci\u00f3 una pr\u00f3rroga del plazo para llevar adelante el tr\u00e1mite de permanencia. La nueva fecha l\u00edmite ser\u00e1 el 31 de diciembre de 2025.<\/p>\n<p>Desde Casa Rosada justificaron la medida y explicaron: &#8220;El ejercicio pleno y libre del derecho de elecci\u00f3n por parte de los beneficiarios exige condiciones materiales adecuadas que aseguren el acceso equitativo a la informaci\u00f3n y a los medios tecnol\u00f3gicos disponibles, evitando desigualdades que puedan distorsionar la manifestaci\u00f3n de voluntad. En tal sentido, se estima oportuno y conveniente ampliar el plazo originalmente previsto, extendi\u00e9ndolo hasta el d\u00eda 31 de diciembre de 2025, a fin de consolidar un proceso transparente, justo y fundado en la autonom\u00eda de los beneficiarios&#8221;.<\/p>\n<p>La pr\u00f3rroga tiene entonces el objetivo de &#8220;preservar los principios de legalidad, equidad, transparencia y eficiencia en la administraci\u00f3n de los recursos del sistema de salud, reafirmando que los aportes y contribuciones son de exclusiva titularidad del trabajador, quien debe contar con herramientas eficaces para decidir su destino&#8221;, seg\u00fan detallaron desde la gesti\u00f3n libertaria.<\/p>\n<p>&nbsp;<\/p>\n<p><strong>C\u00f3mo hacer el tr\u00e1mite para permanecer en la obra social<\/strong><\/p>\n<p>Aquellos que quieran manifestar su voluntad de permanencia en su actual obra social deber\u00e1n:<\/p>\n<ul>\n<li>Ingresar a la plataforma Tr\u00e1mites a Distancia (TAD) del Estado Nacional, disponible en la web oficial del Gobierno.<\/li>\n<li>Iniciar sesi\u00f3n con CUIT y clave fiscal.<\/li>\n<li>Buscar el tr\u00e1mite \u201cVoluntad de Permanencia en Obra Social\u201d.<\/li>\n<li>Completar el formulario y enviarlo.<\/li>\n<\/ul>\n<p>Cabe destacar que el tr\u00e1mite debe hacerse antes del 31 de diciembre de 2025. De lo contrario, el sistema derivar\u00e1 los aportes y contribuciones a la entidad de medicina prepaga con la que el beneficiario se encuentre inscripto.<\/p>\n","protected":false},"excerpt":{"rendered":"<p>La Superintendencia de Servicios de Salud extendi\u00f3 el plazo para manifestar la &#8220;voluntad de permanencia&#8221;. Aquellos que no completen el tr\u00e1mite ver\u00e1n derivados sus aportes a la prepaga contratada &nbsp; &nbsp; El Gobierno, a trav\u00e9s de la Superintendencia de Servicios de Salud, extendi\u00f3 el plazo para manifestar la voluntad de permanencia de los afiliados a su actual obra social. La nueva fecha l\u00edmite ser\u00e1 el 31 de diciembre de 2025. La medida fue oficializada a trav\u00e9s de la Resoluci\u00f3n 1608\/2025 publicada en el Bolet\u00edn Oficial de la fecha. En caso&#8230;<\/p>\n","protected":false},"author":3,"featured_media":131520,"comment_status":"closed","ping_status":"closed","sticky":false,"template":"","format":"standard","meta":[],"categories":[2],"tags":[],"_links":{"self":[{"href":"https:\/\/www.actualidadadiario.com\/index.php\/wp-json\/wp\/v2\/posts\/131519"}],"collection":[{"href":"https:\/\/www.actualidadadiario.com\/index.php\/wp-json\/wp\/v2\/posts"}],"about":[{"href":"https:\/\/www.actualidadadiario.com\/index.php\/wp-json\/wp\/v2\/types\/post"}],"author":[{"embeddable":true,"href":"https:\/\/www.actualidadadiario.com\/index.php\/wp-json\/wp\/v2\/users\/3"}],"replies":[{"embeddable":true,"href":"https:\/\/www.actualidadadiario.com\/index.php\/wp-json\/wp\/v2\/comments?post=131519"}],"version-history":[{"count":2,"href":"https:\/\/www.actualidadadiario.com\/index.php\/wp-json\/wp\/v2\/posts\/131519\/revisions"}],"predecessor-version":[{"id":131523,"href":"https:\/\/www.actualidadadiario.com\/index.php\/wp-json\/wp\/v2\/posts\/131519\/revisions\/131523"}],"wp:featuredmedia":[{"embeddable":true,"href":"https:\/\/www.actualidadadiario.com\/index.php\/wp-json\/wp\/v2\/media\/131520"}],"wp:attachment":[{"href":"https:\/\/www.actualidadadiario.com\/index.php\/wp-json\/wp\/v2\/media?parent=131519"}],"wp:term":[{"taxonomy":"category","embeddable":true,"href":"https:\/\/www.actualidadadiario.com\/index.php\/wp-json\/wp\/v2\/categories?post=131519"},{"taxonomy":"post_tag","embeddable":true,"href":"https:\/\/www.actualidadadiario.com\/index.php\/wp-json\/wp\/v2\/tags?post=131519"}],"curies":[{"name":"wp","href":"https:\/\/api.w.org\/{rel}","templated":true}]}}