{"id":131517,"date":"2025-08-07T12:43:14","date_gmt":"2025-08-07T15:43:14","guid":{"rendered":"https:\/\/www.actualidadadiario.com\/?p=131517"},"modified":"2025-08-07T12:43:14","modified_gmt":"2025-08-07T15:43:14","slug":"francos-sobre-la-votacion-en-el-congreso-todo-lo-que-podemos-vetar-lo-vetaremos","status":"publish","type":"post","link":"https:\/\/www.actualidadadiario.com\/index.php\/2025\/08\/07\/francos-sobre-la-votacion-en-el-congreso-todo-lo-que-podemos-vetar-lo-vetaremos\/","title":{"rendered":"Francos, sobre la votaci\u00f3n en el Congreso: \u201cTodo lo que podemos vetar, lo vetaremos\u201d"},"content":{"rendered":"<p style=\"text-align: center;\"><em><strong>Adem\u00e1s, cuestion\u00f3 duramente a los bloques que habitualmente acompa\u00f1aban al oficialismo y los acus\u00f3 de haber actuado en complicidad con el kirchnerismo<\/strong><\/em><\/p>\n<p>&nbsp;<\/p>\n<p>&nbsp;<\/p>\n<p>Tras una jornada adversa para el oficialismo en la C\u00e1mara de Diputados, el jefe de Gabinete, Guillermo Francos, reconoci\u00f3 la derrota del Gobierno nacional en todas las votaciones y adelant\u00f3 que el presidente Javier Milei vetar\u00e1 todas las leyes que impliquen un aumento del gasto p\u00fablico.<\/p>\n<p>\u201cPerdimos todas\u201d, admiti\u00f3 Francos en declaraciones radiales y asegur\u00f3: \u201cTodo lo que podemos vetar lo vetaremos\u201d, en alusi\u00f3n a los proyectos aprobados por la oposici\u00f3n, entre ellos el financiamiento universitario y la emergencia en salud pedi\u00e1trica, que ahora deben ser tratados en el Senado.<\/p>\n<p>El funcionario cuestion\u00f3 duramente a los bloques que habitualmente acompa\u00f1aban al oficialismo y los acus\u00f3 de haber actuado en complicidad con el kirchnerismo: \u201cVotaron todos con el kirchnerismo: casi todos los radicales, la Coalici\u00f3n C\u00edvica, algunas fuerzas provinciales\u2026\u201d, afirm\u00f3.<\/p>\n<p>Francos vincul\u00f3 la votaci\u00f3n con el calendario electoral y dijo que el kirchnerismo \u201cse aprovech\u00f3 de la situaci\u00f3n para hacer demagogia\u201d. \u201cEl pa\u00eds ha sido destruido por el kirchnerismo. Es como Venezuela. Con el discurso de que trabajan para los m\u00e1s necesitados, destruyeron Argentina\u201d, lanz\u00f3.<\/p>\n<p>Adem\u00e1s, defendi\u00f3 el uso de las facultades delegadas por parte del Ejecutivo y denunci\u00f3 que la C\u00e1mara baja busca revertir reformas clave: \u201cDentro de esas facultades delegadas desregulamos, suprimimos organismos, fusionamos\u2026 Eso es lo que la C\u00e1mara de Diputados quiere volver atr\u00e1s. \u00bfY qu\u00e9 va a generar? M\u00e1s gastos, intentar romper el super\u00e1vit fiscal que el Gobierno viene manteniendo desde que comenz\u00f3\u201d.<\/p>\n<p>En ese sentido, destac\u00f3 que el Gobierno logr\u00f3 un super\u00e1vit fiscal de 3,8% en 2024 y de 2,4% en lo que va de 2025, en contraste con los d\u00e9ficits de los a\u00f1os anteriores. \u201cEs imposible sacar a la Argentina del pozo si no recortamos el gasto p\u00fablico. Si el Congreso quiere imponernos gasto p\u00fablico, va a costar mucho salir\u201d, advirti\u00f3.<\/p>\n<p>Finalmente, Francos defendi\u00f3 la pol\u00edtica de reducci\u00f3n de deuda: \u201cLa deuda externa p\u00fablica era de US$140.000 millones en 2001 y hoy alcanza los US$500.000 millones. De ese total, US$303.000 millones corresponden a los gobiernos kirchneristas. Nosotros desde 2023 la redujimos en US$34.000 millones\u201d, concluy\u00f3.<\/p>\n","protected":false},"excerpt":{"rendered":"<p>Adem\u00e1s, cuestion\u00f3 duramente a los bloques que habitualmente acompa\u00f1aban al oficialismo y los acus\u00f3 de haber actuado en complicidad con el kirchnerismo &nbsp; &nbsp; Tras una jornada adversa para el oficialismo en la C\u00e1mara de Diputados, el jefe de Gabinete, Guillermo Francos, reconoci\u00f3 la derrota del Gobierno nacional en todas las votaciones y adelant\u00f3 que el presidente Javier Milei vetar\u00e1 todas las leyes que impliquen un aumento del gasto p\u00fablico. \u201cPerdimos todas\u201d, admiti\u00f3 Francos en declaraciones radiales y asegur\u00f3: \u201cTodo lo que podemos vetar lo vetaremos\u201d, en alusi\u00f3n a los&#8230;<\/p>\n","protected":false},"author":3,"featured_media":121125,"comment_status":"closed","ping_status":"closed","sticky":false,"template":"","format":"standard","meta":[],"categories":[18],"tags":[],"_links":{"self":[{"href":"https:\/\/www.actualidadadiario.com\/index.php\/wp-json\/wp\/v2\/posts\/131517"}],"collection":[{"href":"https:\/\/www.actualidadadiario.com\/index.php\/wp-json\/wp\/v2\/posts"}],"about":[{"href":"https:\/\/www.actualidadadiario.com\/index.php\/wp-json\/wp\/v2\/types\/post"}],"author":[{"embeddable":true,"href":"https:\/\/www.actualidadadiario.com\/index.php\/wp-json\/wp\/v2\/users\/3"}],"replies":[{"embeddable":true,"href":"https:\/\/www.actualidadadiario.com\/index.php\/wp-json\/wp\/v2\/comments?post=131517"}],"version-history":[{"count":1,"href":"https:\/\/www.actualidadadiario.com\/index.php\/wp-json\/wp\/v2\/posts\/131517\/revisions"}],"predecessor-version":[{"id":131518,"href":"https:\/\/www.actualidadadiario.com\/index.php\/wp-json\/wp\/v2\/posts\/131517\/revisions\/131518"}],"wp:featuredmedia":[{"embeddable":true,"href":"https:\/\/www.actualidadadiario.com\/index.php\/wp-json\/wp\/v2\/media\/121125"}],"wp:attachment":[{"href":"https:\/\/www.actualidadadiario.com\/index.php\/wp-json\/wp\/v2\/media?parent=131517"}],"wp:term":[{"taxonomy":"category","embeddable":true,"href":"https:\/\/www.actualidadadiario.com\/index.php\/wp-json\/wp\/v2\/categories?post=131517"},{"taxonomy":"post_tag","embeddable":true,"href":"https:\/\/www.actualidadadiario.com\/index.php\/wp-json\/wp\/v2\/tags?post=131517"}],"curies":[{"name":"wp","href":"https:\/\/api.w.org\/{rel}","templated":true}]}}